{"id":454,"count":3,"description":"A Colet\u00e2nea Direito \u00e0 Sa\u00fade est\u00e1 dividida em 3 volumes: (i) a institucionaliza\u00e7\u00e3o do direito \u00e0 sa\u00fade; (ii) os dilemas que envolvem o tema no fen\u00f4meno da judicializa\u00e7\u00e3o; (iii) as boas pr\u00e1ticas e di\u00e1logos institucionais. Este \u00e9 o primeiro volume e trata da tem\u00e1tica da institucionaliza\u00e7\u00e3o do direito \u00e0 sa\u00fade.  ","link":"https:\/\/www.conass.org.br\/biblioteca\/coletanea-direito-a-saude\/","name":"Colet\u00e2nea Direito \u00e0 Sa\u00fade","slug":"coletanea-direito-a-saude","taxonomy":"category","parent":0,"meta":[],"acf":[],"_links":{"self":[{"href":"https:\/\/www.conass.org.br\/biblioteca\/wp-json\/wp\/v2\/categories\/454"}],"collection":[{"href":"https:\/\/www.conass.org.br\/biblioteca\/wp-json\/wp\/v2\/categories"}],"about":[{"href":"https:\/\/www.conass.org.br\/biblioteca\/wp-json\/wp\/v2\/taxonomies\/category"}],"wp:post_type":[{"href":"https:\/\/www.conass.org.br\/biblioteca\/wp-json\/wp\/v2\/posts?categories=454"}],"curies":[{"name":"wp","href":"https:\/\/api.w.org\/{rel}","templated":true}]}}