{"id":464,"count":8,"description":"A Cole\u00e7\u00e3o COVID-19 persegue o desafio de apresentar quest\u00f5es relevantes para o debate e o aprendizado acerca da crise sanit\u00e1ria pand\u00eamica, que assola todo o planeta, desde dezembro de 2019.","link":"https:\/\/www.conass.org.br\/biblioteca\/outras-publicacoes\/colecao-covid-19\/","name":"Cole\u00e7\u00e3o Covid-19","slug":"colecao-covid-19","taxonomy":"category","parent":479,"meta":[],"acf":[],"_links":{"self":[{"href":"https:\/\/www.conass.org.br\/biblioteca\/wp-json\/wp\/v2\/categories\/464"}],"collection":[{"href":"https:\/\/www.conass.org.br\/biblioteca\/wp-json\/wp\/v2\/categories"}],"about":[{"href":"https:\/\/www.conass.org.br\/biblioteca\/wp-json\/wp\/v2\/taxonomies\/category"}],"up":[{"embeddable":true,"href":"https:\/\/www.conass.org.br\/biblioteca\/wp-json\/wp\/v2\/categories\/479"}],"wp:post_type":[{"href":"https:\/\/www.conass.org.br\/biblioteca\/wp-json\/wp\/v2\/posts?categories=464"}],"curies":[{"name":"wp","href":"https:\/\/api.w.org\/{rel}","templated":true}]}}