{"id":11940,"date":"2025-02-10T13:13:59","date_gmt":"2025-02-10T16:13:59","guid":{"rendered":"https:\/\/www.conass.org.br\/biblioteca\/?p=11940"},"modified":"2026-01-20T15:22:28","modified_gmt":"2026-01-20T18:22:28","slug":"implementacao-do-negesp-um-guia-pratico","status":"publish","type":"post","link":"https:\/\/www.conass.org.br\/biblioteca\/implementacao-do-negesp-um-guia-pratico\/","title":{"rendered":"Implementa\u00e7\u00e3o do Negesp \u2013 Um Guia Pr\u00e1tico"},"content":{"rendered":"<p class=\"p1\">O e-book \u201cNEGESP \u2013 Um Guia Pr\u00e1tico\u201d \u00e9 uma publica\u00e7\u00e3o do Conselho Nacional de Secret\u00e1rios de Sa\u00fade (Conass) que orienta as Secretarias Estaduais de Sa\u00fade na cria\u00e7\u00e3o e institucionaliza\u00e7\u00e3o do N\u00facleo Estadual de Gest\u00e3o e Estrat\u00e9gia da Seguran\u00e7a do Paciente (NEGESP). Este n\u00facleo \u00e9 proposto como uma estrutura estrat\u00e9gica permanente, vinculada \u00e0 alta gest\u00e3o, com o objetivo de fortalecer a seguran\u00e7a do paciente em toda a Rede de Aten\u00e7\u00e3o \u00e0 Sa\u00fade (RAS), integrando a\u00e7\u00f5es assistenciais e gerenciais com base em evid\u00eancias.<\/p>\n<p class=\"p1\">A proposta do NEGESP \u00e9 preencher lacunas hist\u00f3ricas entre gest\u00e3o, evid\u00eancias cient\u00edficas e pr\u00e1ticas cotidianas, criando um ambiente de cuidado mais seguro e eficiente. O guia apresenta metodologias pr\u00e1ticas, como oficinas participativas, an\u00e1lise SWOT e planejamento PDSA, que visam o diagn\u00f3stico situacional e a formula\u00e7\u00e3o de a\u00e7\u00f5es estrat\u00e9gicas, com foco na redu\u00e7\u00e3o de eventos adversos evit\u00e1veis e na otimiza\u00e7\u00e3o de recursos.<\/p>\n<p class=\"p1\">Al\u00e9m disso, o NEGESP atua como agente catalisador de uma cultura organizacional voltada para a melhoria cont\u00ednua, incentivando a coleta, an\u00e1lise e uso de dados para tomada de decis\u00e3o e gest\u00e3o de riscos. O guia tamb\u00e9m enfatiza a import\u00e2ncia da capacita\u00e7\u00e3o profissional, da articula\u00e7\u00e3o intersetorial e do envolvimento de usu\u00e1rios e lideran\u00e7as na constru\u00e7\u00e3o de um sistema de sa\u00fade mais seguro.<\/p>\n<p class=\"p1\">Com esse modelo, o Conass espera que os estados estejam preparados para responder aos desafios da sa\u00fade p\u00fablica com mais assertividade, promovendo um SUS mais eficiente, transparente e centrado no paciente.<\/p>\n","protected":false},"excerpt":{"rendered":"<p>O e-book \u201cNEGESP \u2013 Um Guia Pr\u00e1tico\u201d \u00e9 uma publica\u00e7\u00e3o do Conselho Nacional de Secret\u00e1rios de Sa\u00fade (Conass) que orienta as Secretarias Estaduais de Sa\u00fade na cria\u00e7\u00e3o e institucionaliza\u00e7\u00e3o do N\u00facleo Estadual de Gest\u00e3o e Estrat\u00e9gia da Seguran\u00e7a do Paciente (NEGESP). Este n\u00facleo \u00e9 proposto como uma estrutura estrat\u00e9gica permanente, vinculada \u00e0 alta gest\u00e3o, com [&hellip;]<\/p>\n","protected":false},"author":2,"featured_media":11954,"comment_status":"closed","ping_status":"closed","sticky":false,"template":"","format":"standard","meta":{"_acf_changed":false,"om_disable_all_campaigns":false,"_monsterinsights_skip_tracking":false,"_monsterinsights_sitenote_active":false,"_monsterinsights_sitenote_note":"","_monsterinsights_sitenote_category":0,"_jetpack_memberships_contains_paid_content":false,"isbn":"","doi":"","descritores":"","deseja-inserir-arquivos":"False","arquivos":"","_anopublicacao":"2025","footnotes":""},"categories":[479,501],"tags":[900,894,544,904,917,13,910,887,902,889,903,908,880,907,891,877,883,886,920,905,915,901,918,893,892,911,909,878,879,884,919,896,899,914,888,881,885,890,897,882,906,895,898,916,542,566,11,912,913],"class_list":["post-11940","post","type-post","status-publish","format-standard","has-post-thumbnail","hentry","category-outras-publicacoes","category-ctqcsp","tag-analise-swot-em-saude","tag-articulacao-entre-gestao-e-assistencia","tag-atencao-a-saude","tag-avaliacao-de-praticas-de-saude","tag-boas-praticas-em-saude","tag-conass","tag-coordenacao-estadual-de-seguranca-do-paciente","tag-cultura-de-seguranca","tag-cultura-organizacional-em-saude","tag-diagnostico-situacional-em-saude","tag-estrategia-de-implantacao-do-negesp","tag-estruturacao-de-nucleos-estaduais","tag-eventos-adversos","tag-formacao-de-gestores-em-saude","tag-gestao-de-riscos-em-saude","tag-gestao-em-saude","tag-gestao-estadual-de-saude","tag-gestao-estrategica-em-saude","tag-gestao-integrada-em-saude","tag-gestao-por-resultados","tag-governanca-em-saude-publica","tag-indicadores-de-seguranca-do-paciente","tag-inovacao-na-gestao-estadual","tag-institucionalizacao-de-nucleos-de-seguranca","tag-melhoria-da-qualidade-assistencial","tag-mobilizacao-de-liderancas-em-saude","tag-monitoramento-de-acoes-em-saude","tag-negesp","tag-nucleo-de-seguranca","tag-nucleo-estadual-de-seguranca-do-paciente","tag-nucleos-de-apoio-tecnico","tag-nucleos-estaduais-de-seguranca-do-paciente","tag-oficinas-participativas","tag-planejamento-estrategico-em-saude","tag-planejamento-pdsa","tag-politicas-de-saude","tag-politicas-publicas-de-saude","tag-praticas-baseadas-em-evidencias","tag-protocolos-assistenciais","tag-qualidade-assistencial","tag-qualidade-e-seguranca-no-sus","tag-qualificacao-da-atencao-em-saude","tag-reducao-de-danos-em-saude","tag-saude-baseada-em-evidencias","tag-saude-publica","tag-seguranca-do-paciente","tag-sus","tag-sustentabilidade-das-acoes-em-saude","tag-uso-de-dados-em-saude"],"acf":{"linkpdf":"https:\/\/www.conass.org.br\/biblioteca\/download\/11922\/?tmstv=1739203912","linkEbook":"","link_pdf_ingles":"","link_pdf_espanhol":""},"aioseo_notices":[],"jetpack_sharing_enabled":true,"jetpack_featured_media_url":"https:\/\/www.conass.org.br\/biblioteca\/wp-content\/uploads\/2025\/02\/negesp-2025.png","featured_media_details":{"url":"https:\/\/www.conass.org.br\/biblioteca\/wp-content\/uploads\/2025\/02\/negesp-2025.png","alt":"Capa do e-book \u201cNEGESP \u2013 Um Guia Pr\u00e1tico\u201d, elaborado pelo Conass, que orienta as Secretarias Estaduais de Sa\u00fade na implementa\u00e7\u00e3o do N\u00facleo Estadual de Gest\u00e3o e Estrat\u00e9gia da Seguran\u00e7a do Paciente, promovendo pr\u00e1ticas baseadas em evid\u00eancias e integra\u00e7\u00e3o entre gest\u00e3o e assist\u00eancia para maior seguran\u00e7a no SUS.","title":"negesp-2025","caption":"","description":""},"name_descritores":[],"name_arquivos":[],"_wpas_done_all":"","_fgj2wp_old_id":"","_jetpack_related_posts_cache":"","_edit_lock":"1768933228:123457","_edit_last":"123457","pdf":"","_pdf":"","_at_widget":"","_expiration-date-status":"","_last_editor_used_jetpack":"","_thumbnail_id":"11954","_kksr_ratings":"","_kksr_casts":"","_kksr_ips":"","_kksr_avg":"","_yoast_wpseo_content_score":"","linkpdf":"https:\/\/www.conass.org.br\/biblioteca\/download\/11922\/?tmstv=1739203912","_linkpdf":"field_5d5468dcb6b70","linkEbook":"","_linkEbook":"field_5d546905b6b71","_yoast_wpseo_primary_category":"","_wp_page_template":"default","_yoast_wpseo_focuskw":"","_yoast_wpseo_linkdex":"","_yoast_wpseo_metadesc":"","_yoast_wpseo_title":"","om_disable_all_campaigns":"","_aioseo_title":"","_aioseo_description":"","_aioseo_keywords":[],"_aioseo_og_title":"","_aioseo_og_description":"","_aioseo_og_article_section":"","_aioseo_og_article_tags":[],"_aioseo_twitter_title":"","_aioseo_twitter_description":"","_wp_old_slug":"","_yoast_wpseo_estimated-reading-time-minutes":"","_yoast_wpseo_opengraph-title":"","_yoast_wpseo_opengraph-description":"","_yoast_wpseo_opengraph-image":"","_yoast_wpseo_opengraph-image-id":"","_pprredirect_active":"","_pprredirect_type":"","_pprredirect_url":"","_yoast_wpseo_wordproof_timestamp":"","_oembed_804a5f28813cadd985db7f58c401e70a":"","_oembed_2d21d8d582c765222a9abeafaa1822b5":"","_pingme":"","_encloseme":"","_elementor_template_type":"wp-post","_elementor_version":"3.24.4","_elementor_pro_version":"3.24.2","_wp_old_date":"","nomeCategoria":["Outras Publica\u00e7\u00f5es","Qualidade no Cuidado e Seguran\u00e7a do Paciente"],"_links":{"self":[{"href":"https:\/\/www.conass.org.br\/biblioteca\/wp-json\/wp\/v2\/posts\/11940"}],"collection":[{"href":"https:\/\/www.conass.org.br\/biblioteca\/wp-json\/wp\/v2\/posts"}],"about":[{"href":"https:\/\/www.conass.org.br\/biblioteca\/wp-json\/wp\/v2\/types\/post"}],"author":[{"embeddable":true,"href":"https:\/\/www.conass.org.br\/biblioteca\/wp-json\/wp\/v2\/users\/2"}],"replies":[{"embeddable":true,"href":"https:\/\/www.conass.org.br\/biblioteca\/wp-json\/wp\/v2\/comments?post=11940"}],"version-history":[{"count":4,"href":"https:\/\/www.conass.org.br\/biblioteca\/wp-json\/wp\/v2\/posts\/11940\/revisions"}],"predecessor-version":[{"id":12736,"href":"https:\/\/www.conass.org.br\/biblioteca\/wp-json\/wp\/v2\/posts\/11940\/revisions\/12736"}],"wp:featuredmedia":[{"embeddable":true,"href":"https:\/\/www.conass.org.br\/biblioteca\/wp-json\/wp\/v2\/media\/11954"}],"wp:attachment":[{"href":"https:\/\/www.conass.org.br\/biblioteca\/wp-json\/wp\/v2\/media?parent=11940"}],"wp:term":[{"taxonomy":"category","embeddable":true,"href":"https:\/\/www.conass.org.br\/biblioteca\/wp-json\/wp\/v2\/categories?post=11940"},{"taxonomy":"post_tag","embeddable":true,"href":"https:\/\/www.conass.org.br\/biblioteca\/wp-json\/wp\/v2\/tags?post=11940"}],"curies":[{"name":"wp","href":"https:\/\/api.w.org\/{rel}","templated":true}]}}