{"id":12245,"date":"2025-08-25T20:53:03","date_gmt":"2025-08-25T23:53:03","guid":{"rendered":"https:\/\/www.conass.org.br\/biblioteca\/?p=12245"},"modified":"2025-08-25T21:07:42","modified_gmt":"2025-08-26T00:07:42","slug":"guia-da-jornada-de-organizacao-das-redes-de-atencao-a-saude-conass","status":"publish","type":"post","link":"https:\/\/www.conass.org.br\/biblioteca\/guia-da-jornada-de-organizacao-das-redes-de-atencao-a-saude-conass\/","title":{"rendered":"Guia da Jornada de Organizac\u0327a\u0303o das Redes de Atenc\u0327a\u0303o a\u0300 Sau\u0301de &#8211; Conass"},"content":{"rendered":"<p class=\"p1\">O Guia da Jornada de Organiza\u00e7\u00e3o das Redes de Aten\u00e7\u00e3o \u00e0 Sa\u00fade apresenta de forma clara e acess\u00edvel os principais conceitos sobre o SUS e as estrat\u00e9gias para fortalecer a integra\u00e7\u00e3o entre os diferentes n\u00edveis de aten\u00e7\u00e3o. O material destaca o papel central da Aten\u00e7\u00e3o Prim\u00e1ria como coordenadora do cuidado e eixo estruturante das Redes de Aten\u00e7\u00e3o \u00e0 Sa\u00fade.<\/p>\n<p class=\"p1\">Ao longo dos cap\u00edtulos, s\u00e3o abordados temas como vigil\u00e2ncia em sa\u00fade, assist\u00eancia farmac\u00eautica, sa\u00fade digital, regula\u00e7\u00e3o, cuidados paliativos e seguran\u00e7a do paciente. Tamb\u00e9m s\u00e3o apresentadas experi\u00eancias pr\u00e1ticas de estados e munic\u00edpios que j\u00e1 aplicam a planifica\u00e7\u00e3o, mostrando caminhos para superar a fragmenta\u00e7\u00e3o dos servi\u00e7os.<\/p>\n<p class=\"p1\">Mais do que teoria, o guia traz metodologias, exemplos e instrumentos que apoiam gestores, profissionais e lideran\u00e7as na constru\u00e7\u00e3o de redes de sa\u00fade mais humanas, resolutivas e eficientes. Trata-se de uma ferramenta essencial para quem atua na consolida\u00e7\u00e3o do SUS e na busca por uma aten\u00e7\u00e3o integral e equitativa.<\/p>\n<p>&nbsp;<\/p>\n<p class=\"p1\">SUS, Sistema \u00danico de Sa\u00fade, Redes de Aten\u00e7\u00e3o \u00e0 Sa\u00fade, RAS, Aten\u00e7\u00e3o Integral \u00e0 Sa\u00fade, Coordena\u00e7\u00e3o do cuidado, Integra\u00e7\u00e3o dos servi\u00e7os de sa\u00fade, Fragmenta\u00e7\u00e3o do sistema, Planifica\u00e7\u00e3o da Aten\u00e7\u00e3o \u00e0 Sa\u00fade, PlanificaSUS, Regionaliza\u00e7\u00e3o da sa\u00fade, Linha de cuidado, Governan\u00e7a em sa\u00fade, Aten\u00e7\u00e3o Prim\u00e1ria \u00e0 Sa\u00fade, APS, Estrat\u00e9gia Sa\u00fade da Fam\u00edlia, Equipe de Sa\u00fade da Fam\u00edlia, Unidades B\u00e1sicas de Sa\u00fade, UBS, Aten\u00e7\u00e3o Especializada, Aten\u00e7\u00e3o Ambulatorial Especializada, Modelo PASA, Cuidados coordenados, Pol\u00edtica Nacional de Vigil\u00e2ncia em Sa\u00fade, PNVS, Pol\u00edtica Nacional de Assist\u00eancia Farmac\u00eautica, PNAF, Pol\u00edtica Nacional de Medicamentos, Pol\u00edtica Nacional de Cuidados Paliativos, PNCP, Pol\u00edtica Nacional de Educa\u00e7\u00e3o Permanente, Redecoesp, Programa L\u00edderes da Sa\u00fade, PROADI-SUS, Vigil\u00e2ncia em Sa\u00fade, Assist\u00eancia Farmac\u00eautica, Sa\u00fade Digital, Telessa\u00fade, Transforma\u00e7\u00e3o digital na sa\u00fade, Regula\u00e7\u00e3o em Sa\u00fade, Contratualiza\u00e7\u00e3o no SUS, Educa\u00e7\u00e3o Permanente em Sa\u00fade, Seguran\u00e7a do Paciente, Cuidados Paliativos, Gest\u00e3o por Compet\u00eancias, Modelo de gest\u00e3o por compet\u00eancias, Planejamento Regional Integrado, PRI, Ciclos PDSA, Matriz de compet\u00eancias, Mentoria em sa\u00fade, Lideran\u00e7a adaptativa, Trilha formativa, Integralidade do cuidado, Equidade em sa\u00fade, Humaniza\u00e7\u00e3o do atendimento, Efici\u00eancia econ\u00f4mica no SUS, Responsabilidade sanit\u00e1ria, Responsabilidade econ\u00f4mica, Popula\u00e7\u00e3o adscrita, Territorializa\u00e7\u00e3o em sa\u00fade, Redes poli\u00e1rquicas, Sistemas log\u00edsticos em sa\u00fade, Sistemas de apoio diagn\u00f3stico, Escola de Sa\u00fade P\u00fablica, N\u00facleos de seguran\u00e7a do paciente, Cuidado centrado na pessoa, Gest\u00e3o participativa em sa\u00fade, Governan\u00e7a regional<\/p>\n","protected":false},"excerpt":{"rendered":"<p>O Guia da Jornada de Organiza\u00e7\u00e3o das Redes de Aten\u00e7\u00e3o \u00e0 Sa\u00fade apresenta de forma clara e acess\u00edvel os principais conceitos sobre o SUS e as estrat\u00e9gias para fortalecer a integra\u00e7\u00e3o entre os diferentes n\u00edveis de aten\u00e7\u00e3o. O material destaca o papel central da Aten\u00e7\u00e3o Prim\u00e1ria como coordenadora do cuidado e eixo estruturante das Redes [&hellip;]<\/p>\n","protected":false},"author":123457,"featured_media":12249,"comment_status":"closed","ping_status":"closed","sticky":false,"template":"","format":"standard","meta":{"_acf_changed":false,"om_disable_all_campaigns":false,"_monsterinsights_skip_tracking":false,"_monsterinsights_sitenote_active":false,"_monsterinsights_sitenote_note":"","_monsterinsights_sitenote_category":0,"_jetpack_memberships_contains_paid_content":false,"isbn":"","doi":"","descritores":"","deseja-inserir-arquivos":"False","arquivos":"","_anopublicacao":"2025","footnotes":""},"categories":[479],"tags":[21,359,16,49,1198,20,1228,1222,1199,1245,1209,1223,1181,1235,933,1205,1243,1190,1201,1246,1224,1006,1247,1234,1200,1233,1231,1204,1229,1230,1225,1208,1244,1226,1202,1203,1213,1216,1211,1212,1215,1217,1214,1210,1238,1227,1220,1219,192,1218,60,1240,923,74,1237,1236,834,566,114,1242,1241,11,850,1239,1221,1232,1207,1206,95],"class_list":["post-12245","post","type-post","status-publish","format-standard","has-post-thumbnail","hentry","category-outras-publicacoes","tag-aps","tag-assistencia-farmaceutica","tag-atencao-ambulatorial-especializada","tag-atencao-especializada","tag-atencao-integral-a-saude","tag-atencao-primaria-a-saude","tag-ciclos-pdsa","tag-contratualizacao-no-sus","tag-coordenacao-do-cuidado","tag-cuidado-centrado-na-pessoa","tag-cuidados-coordenados","tag-cuidados-paliativos","tag-educacao-permanente-em-saude","tag-eficiencia-economica-no-sus","tag-equidade-em-saude","tag-equipe-de-saude-da-familia","tag-escola-de-saude-publica","tag-estrategia-saude-da-familia","tag-fragmentacao-do-sistema","tag-gestao-participativa-em-saude","tag-gestao-por-competencias","tag-governanca-em-saude","tag-governanca-regional","tag-humanizacao-do-atendimento","tag-integracao-dos-servicos-de-saude","tag-integralidade-do-cuidado","tag-lideranca-adaptativa","tag-linha-de-cuidado","tag-matriz-de-competencias","tag-mentoria-em-saude","tag-modelo-de-gestao-por-competencias","tag-modelo-pasa","tag-nucleos-de-seguranca-do-paciente","tag-planejamento-regional-integrado","tag-planificacao-da-atencao-a-saude","tag-planificasus","tag-pnaf","tag-pncp","tag-pnvs","tag-politica-nacional-de-assistencia-farmaceutica","tag-politica-nacional-de-cuidados-paliativos","tag-politica-nacional-de-educacao-permanente","tag-politica-nacional-de-medicamentos","tag-politica-nacional-de-vigilancia-em-saude","tag-populacao-adscrita","tag-pri","tag-proadi-sus","tag-programa-lideres-da-saude","tag-ras","tag-redecoesp","tag-redes-de-atencao-a-saude","tag-redes-poliarquicas","tag-regionalizacao-da-saude","tag-regulacao-em-saude","tag-responsabilidade-economica","tag-responsabilidade-sanitaria","tag-saude-digital","tag-seguranca-do-paciente","tag-sistema-unico-de-saude","tag-sistemas-de-apoio-diagnostico","tag-sistemas-logisticos-em-saude","tag-sus","tag-telessaude","tag-territorializacao-em-saude","tag-transformacao-digital-na-saude","tag-trilha-formativa","tag-ubs","tag-unidades-basicas-de-saude","tag-vigilancia-em-saude"],"acf":{"linkpdf":"https:\/\/www.conass.org.br\/biblioteca\/download\/12240\/?tmstv=1756165755","linkEbook":""},"aioseo_notices":[],"jetpack_sharing_enabled":true,"jetpack_featured_media_url":"https:\/\/www.conass.org.br\/biblioteca\/wp-content\/uploads\/2025\/08\/mockup-guia-ebook-biblioteca-1.png","featured_media_details":{"url":"https:\/\/www.conass.org.br\/biblioteca\/wp-content\/uploads\/2025\/08\/mockup-guia-ebook-biblioteca-1.png","alt":"","title":"mockup-guia-ebook-biblioteca","caption":"","description":""},"name_descritores":[],"name_arquivos":[],"_wpas_done_all":"","_fgj2wp_old_id":"","_jetpack_related_posts_cache":"","_edit_lock":"1758564982:123457","_edit_last":"123457","pdf":"","_pdf":"","_at_widget":"","_expiration-date-status":"","_last_editor_used_jetpack":"","_thumbnail_id":"12249","_kksr_ratings":"","_kksr_casts":"","_kksr_ips":"","_kksr_avg":"","_yoast_wpseo_content_score":"","linkpdf":"https:\/\/www.conass.org.br\/biblioteca\/download\/12240\/?tmstv=1756165755","_linkpdf":"field_5d5468dcb6b70","linkEbook":"","_linkEbook":"field_5d546905b6b71","_yoast_wpseo_primary_category":"","_wp_page_template":"default","_yoast_wpseo_focuskw":"","_yoast_wpseo_linkdex":"","_yoast_wpseo_metadesc":"","_yoast_wpseo_title":"","om_disable_all_campaigns":"","_aioseo_title":"","_aioseo_description":"","_aioseo_keywords":[],"_aioseo_og_title":"","_aioseo_og_description":"","_aioseo_og_article_section":"","_aioseo_og_article_tags":[],"_aioseo_twitter_title":"","_aioseo_twitter_description":"","_wp_old_slug":"","_yoast_wpseo_estimated-reading-time-minutes":"","_yoast_wpseo_opengraph-title":"","_yoast_wpseo_opengraph-description":"","_yoast_wpseo_opengraph-image":"","_yoast_wpseo_opengraph-image-id":"","_pprredirect_active":"","_pprredirect_type":"","_pprredirect_url":"","_yoast_wpseo_wordproof_timestamp":"","_oembed_804a5f28813cadd985db7f58c401e70a":"","_oembed_2d21d8d582c765222a9abeafaa1822b5":"","_pingme":"","_encloseme":"","_elementor_template_type":"wp-post","_elementor_version":"3.24.4","_elementor_pro_version":"3.24.2","_wp_old_date":"","nomeCategoria":["Outras Publica\u00e7\u00f5es"],"_links":{"self":[{"href":"https:\/\/www.conass.org.br\/biblioteca\/wp-json\/wp\/v2\/posts\/12245"}],"collection":[{"href":"https:\/\/www.conass.org.br\/biblioteca\/wp-json\/wp\/v2\/posts"}],"about":[{"href":"https:\/\/www.conass.org.br\/biblioteca\/wp-json\/wp\/v2\/types\/post"}],"author":[{"embeddable":true,"href":"https:\/\/www.conass.org.br\/biblioteca\/wp-json\/wp\/v2\/users\/123457"}],"replies":[{"embeddable":true,"href":"https:\/\/www.conass.org.br\/biblioteca\/wp-json\/wp\/v2\/comments?post=12245"}],"version-history":[{"count":1,"href":"https:\/\/www.conass.org.br\/biblioteca\/wp-json\/wp\/v2\/posts\/12245\/revisions"}],"predecessor-version":[{"id":12246,"href":"https:\/\/www.conass.org.br\/biblioteca\/wp-json\/wp\/v2\/posts\/12245\/revisions\/12246"}],"wp:featuredmedia":[{"embeddable":true,"href":"https:\/\/www.conass.org.br\/biblioteca\/wp-json\/wp\/v2\/media\/12249"}],"wp:attachment":[{"href":"https:\/\/www.conass.org.br\/biblioteca\/wp-json\/wp\/v2\/media?parent=12245"}],"wp:term":[{"taxonomy":"category","embeddable":true,"href":"https:\/\/www.conass.org.br\/biblioteca\/wp-json\/wp\/v2\/categories?post=12245"},{"taxonomy":"post_tag","embeddable":true,"href":"https:\/\/www.conass.org.br\/biblioteca\/wp-json\/wp\/v2\/tags?post=12245"}],"curies":[{"name":"wp","href":"https:\/\/api.w.org\/{rel}","templated":true}]}}