{"id":12256,"date":"2025-09-02T12:03:11","date_gmt":"2025-09-02T15:03:11","guid":{"rendered":"https:\/\/www.conass.org.br\/biblioteca\/?p=12256"},"modified":"2025-09-03T10:38:24","modified_gmt":"2025-09-03T13:38:24","slug":"cd-50-as-escolas-estaduais-de-saude-publica-do-surgimento-ao-protagonismo-na-formacao-para-o-sus","status":"publish","type":"post","link":"https:\/\/www.conass.org.br\/biblioteca\/cd-50-as-escolas-estaduais-de-saude-publica-do-surgimento-ao-protagonismo-na-formacao-para-o-sus\/","title":{"rendered":"CD 50 &#8211; As Escolas Estaduais de Sa\u00fade P\u00fablica: do Surgimento ao Protagonismo na Forma\u00e7\u00e3o para o SUS"},"content":{"rendered":"<p>A constru\u00e7\u00e3o cotidiana do Sistema \u00danico de Sa\u00fade (SUS) nos imp\u00f5e uma reflex\u00e3o cont\u00ednua sobre seus pilares estrat\u00e9gicos. Dentre eles, a forma\u00e7\u00e3o e o desenvolvimento dos trabalhadores e gestores que d\u00e3o vida ao sistema em cada canto do Brasil ocupam um lugar de destaque. Em um cen\u00e1rio de complexidades epidemiol\u00f3gicas e sociais, garantir que nossas equipes estejam preparadas n\u00e3o \u00e9 apenas uma necessidade operacional, mas tamb\u00e9m um imperativo \u00e9tico e pol\u00edtico.<br \/>\n\u00c9 com grande satisfa\u00e7\u00e3o que o Conselho Nacional de Secret\u00e1rios de Sa\u00fade (Conass) apresenta esta nova edi\u00e7\u00e3o da s\u00e9rie Conass Documenta, inteiramente dedicada a um dos mais importantes patrim\u00f4nios da gest\u00e3o estadual do SUS: as Escolas Estaduais de Sa\u00fade P\u00fablica (EESP).<br \/>\nEsta obra d\u00e1 seguimento ao trabalho iniciado em 2020 com a publica\u00e7\u00e3o do volume 35, que tra\u00e7ou um primeiro panorama dessas institui\u00e7\u00f5es. De l\u00e1 para c\u00e1, o cen\u00e1rio evoluiu significativamente. Vimos o nascimento de 6 novas escolas, totalizando hoje 21 institui\u00e7\u00f5es ativas, e testemunhamos a consolida\u00e7\u00e3o de um movimento de colabora\u00e7\u00e3o sem precedentes com a cria\u00e7\u00e3o da Rede Colaborativa das Escolas Estaduais de Sa\u00fade P\u00fablica (Redecoesp). Essa rede, fruto da maturidade e da vis\u00e3o estrat\u00e9gica dos gestores, representa a for\u00e7a da sinergia e do trabalho compartilhado para enfrentar desafios comuns.<br \/>\nAs p\u00e1ginas a seguir oferecem um retrato aprofundado e atualizado desse universo. Na primeira parte, o leitor encontrar\u00e1 uma an\u00e1lise robusta sobre o panorama das 21 escolas, contextualizada pela trajet\u00f3ria das pol\u00edticas de Gest\u00e3o da Educa\u00e7\u00e3o na Sa\u00fade e detalhando a potente estrutura da Redecoesp. A segunda parte enriquece a obra com a voz dos protagonistas, reunindo as percep\u00e7\u00f5es, os aprendizados e as contribui\u00e7\u00f5es de cada uma das escolas, que se firmam, dia ap\u00f3s dia, como a \u201cface pedag\u00f3gica do SUS\u201d.<br \/>\nEste livro \u00e9, portanto, mais do que um registro hist\u00f3rico ou um diagn\u00f3stico. \u00c9 uma ferramenta de gest\u00e3o, uma fonte de inspira\u00e7\u00e3o e um convite \u00e0 reflex\u00e3o. Ele demonstra como as EESP, ao traduzirem as diretrizes do SUS em pr\u00e1ticas educativas inovadoras e contextualizadas, s\u00e3o essenciais para a sua qualifica\u00e7\u00e3o.<\/p>\n","protected":false},"excerpt":{"rendered":"<p>A constru\u00e7\u00e3o cotidiana do Sistema \u00danico de Sa\u00fade (SUS) nos imp\u00f5e uma reflex\u00e3o cont\u00ednua sobre seus pilares estrat\u00e9gicos. Dentre eles, a forma\u00e7\u00e3o e o desenvolvimento dos trabalhadores e gestores que d\u00e3o vida ao sistema em cada canto do Brasil ocupam um lugar de destaque. Em um cen\u00e1rio de complexidades epidemiol\u00f3gicas e sociais, garantir que nossas [&hellip;]<\/p>\n","protected":false},"author":2,"featured_media":12264,"comment_status":"closed","ping_status":"closed","sticky":false,"template":"","format":"standard","meta":{"_acf_changed":false,"om_disable_all_campaigns":false,"_monsterinsights_skip_tracking":false,"_monsterinsights_sitenote_active":false,"_monsterinsights_sitenote_note":"","_monsterinsights_sitenote_category":0,"_jetpack_memberships_contains_paid_content":false,"isbn":"","doi":"","descritores":"","deseja-inserir-arquivos":"False","arquivos":"","_anopublicacao":"2025","footnotes":""},"categories":[4],"tags":[],"class_list":["post-12256","post","type-post","status-publish","format-standard","has-post-thumbnail","hentry","category-conass-documenta"],"acf":{"linkpdf":"https:\/\/www.conass.org.br\/biblioteca\/download\/12253\/?tmstv=1756824899","linkEbook":""},"aioseo_notices":[],"jetpack_sharing_enabled":true,"jetpack_featured_media_url":"https:\/\/www.conass.org.br\/biblioteca\/wp-content\/uploads\/2025\/09\/capa-CP50.png","featured_media_details":{"url":"https:\/\/www.conass.org.br\/biblioteca\/wp-content\/uploads\/2025\/09\/capa-CP50.png","alt":"","title":"capa---CP50","caption":"","description":""},"name_descritores":[],"name_arquivos":[],"_wpas_done_all":"","_fgj2wp_old_id":"","_jetpack_related_posts_cache":"","_edit_lock":"1767795876:2","_edit_last":"2","pdf":"","_pdf":"","_at_widget":"","_expiration-date-status":"","_last_editor_used_jetpack":"","_thumbnail_id":"12264","_kksr_ratings":"","_kksr_casts":"","_kksr_ips":"","_kksr_avg":"","_yoast_wpseo_content_score":"","linkpdf":"https:\/\/www.conass.org.br\/biblioteca\/download\/12253\/?tmstv=1756824899","_linkpdf":"field_5d5468dcb6b70","linkEbook":"","_linkEbook":"field_5d546905b6b71","_yoast_wpseo_primary_category":"","_wp_page_template":"default","_yoast_wpseo_focuskw":"","_yoast_wpseo_linkdex":"","_yoast_wpseo_metadesc":"","_yoast_wpseo_title":"","om_disable_all_campaigns":"","_aioseo_title":"","_aioseo_description":"","_aioseo_keywords":[],"_aioseo_og_title":"","_aioseo_og_description":"","_aioseo_og_article_section":"","_aioseo_og_article_tags":[],"_aioseo_twitter_title":"","_aioseo_twitter_description":"","_wp_old_slug":"cd-50-as-escolas-estaduais-de-saude-publica-do-sergimento-ao-protagonismo-na-formacao-para-o-sus","_yoast_wpseo_estimated-reading-time-minutes":"","_yoast_wpseo_opengraph-title":"","_yoast_wpseo_opengraph-description":"","_yoast_wpseo_opengraph-image":"","_yoast_wpseo_opengraph-image-id":"","_pprredirect_active":"","_pprredirect_type":"","_pprredirect_url":"","_yoast_wpseo_wordproof_timestamp":"","_oembed_804a5f28813cadd985db7f58c401e70a":"","_oembed_2d21d8d582c765222a9abeafaa1822b5":"","_pingme":"","_encloseme":"","_elementor_template_type":"wp-post","_elementor_version":"3.24.4","_elementor_pro_version":"3.24.2","_wp_old_date":"","nomeCategoria":["Conass Documenta"],"_links":{"self":[{"href":"https:\/\/www.conass.org.br\/biblioteca\/wp-json\/wp\/v2\/posts\/12256"}],"collection":[{"href":"https:\/\/www.conass.org.br\/biblioteca\/wp-json\/wp\/v2\/posts"}],"about":[{"href":"https:\/\/www.conass.org.br\/biblioteca\/wp-json\/wp\/v2\/types\/post"}],"author":[{"embeddable":true,"href":"https:\/\/www.conass.org.br\/biblioteca\/wp-json\/wp\/v2\/users\/2"}],"replies":[{"embeddable":true,"href":"https:\/\/www.conass.org.br\/biblioteca\/wp-json\/wp\/v2\/comments?post=12256"}],"version-history":[{"count":2,"href":"https:\/\/www.conass.org.br\/biblioteca\/wp-json\/wp\/v2\/posts\/12256\/revisions"}],"predecessor-version":[{"id":12259,"href":"https:\/\/www.conass.org.br\/biblioteca\/wp-json\/wp\/v2\/posts\/12256\/revisions\/12259"}],"wp:featuredmedia":[{"embeddable":true,"href":"https:\/\/www.conass.org.br\/biblioteca\/wp-json\/wp\/v2\/media\/12264"}],"wp:attachment":[{"href":"https:\/\/www.conass.org.br\/biblioteca\/wp-json\/wp\/v2\/media?parent=12256"}],"wp:term":[{"taxonomy":"category","embeddable":true,"href":"https:\/\/www.conass.org.br\/biblioteca\/wp-json\/wp\/v2\/categories?post=12256"},{"taxonomy":"post_tag","embeddable":true,"href":"https:\/\/www.conass.org.br\/biblioteca\/wp-json\/wp\/v2\/tags?post=12256"}],"curies":[{"name":"wp","href":"https:\/\/api.w.org\/{rel}","templated":true}]}}