{"id":12435,"date":"2025-09-23T14:48:21","date_gmt":"2025-09-23T17:48:21","guid":{"rendered":"https:\/\/www.conass.org.br\/biblioteca\/?p=12435"},"modified":"2025-10-06T16:05:40","modified_gmt":"2025-10-06T19:05:40","slug":"documento-tecnico-gerencial-de-estruturacao-e-monitoramento-negesp","status":"publish","type":"post","link":"https:\/\/www.conass.org.br\/biblioteca\/documento-tecnico-gerencial-de-estruturacao-e-monitoramento-negesp\/","title":{"rendered":"Documento T\u00e9cnico-gerencial de Estrutura\u00e7\u00e3o e Monitoramento &#8211; Negesp"},"content":{"rendered":"<p>Este Documento T\u00e9cnico-gerencial de Estrutura\u00e7\u00e3o e Monitoramento dos N\u00facleos Estaduais de Gest\u00e3o e Estrat\u00e9gia de Seguran\u00e7a do Paciente (Negesp) foi elaborado com o prop\u00f3sito de assegurar sua sustentabilidade e efici\u00eancia, consolidando bases s\u00f3lidas para a opera\u00e7\u00e3o e o acompanhamento das a\u00e7\u00f5es em todo o territ\u00f3rio nacional.<\/p>\n<p>A proposta parte do entendimento de que a seguran\u00e7a do paciente \u00e9 um princ\u00edpio transversal da Rede de Aten\u00e7\u00e3o \u00e0 Sa\u00fade e deve ser integrada \u00e0s pol\u00edticas priorit\u00e1rias, fortalecendo a governan\u00e7a estadual e ampliando a efetividade das pr\u00e1ticas assistenciais.<\/p>\n<p>Para tanto, o documento contempla iniciativas voltadas \u00e0 promo\u00e7\u00e3o da articula\u00e7\u00e3o com a rede, ao mapeamento das interfaces dos Negesp nos diferentes pontos de aten\u00e7\u00e3o e \u00e0 defini\u00e7\u00e3o de diretrizes que orientem sua atua\u00e7\u00e3o em alinhamento com as estrat\u00e9gias de qualidade e cuidado seguro.<\/p>\n<p>Adicionalmente, busca consolidar um plano de sensibiliza\u00e7\u00e3o e capacita\u00e7\u00e3o cont\u00ednua, direcionado a gestores, profissionais e equipes das Secretarias Estaduais de Sa\u00fade, bem como dos servi\u00e7os p\u00fablicos e privados. As Escolas de Sa\u00fade P\u00fablica assumem papel central nesse processo, garantindo a forma\u00e7\u00e3o permanente e a difus\u00e3o de uma cultura de seguran\u00e7a em todos os n\u00edveis do sistema.<\/p>\n<p>Assim, o documento apresenta-se como instrumento norteador para que os Negesp se afirmem como n\u00facleos estrat\u00e9gicos de governan\u00e7a, sustentando a integra\u00e7\u00e3o das a\u00e7\u00f5es, promovendo resultados mensur\u00e1veis e assegurando que a seguran\u00e7a do paciente seja reconhecida como valor essencial do Sistema \u00danico de Sa\u00fade.<\/p>\n","protected":false},"excerpt":{"rendered":"<p>Este Documento T\u00e9cnico-gerencial de Estrutura\u00e7\u00e3o e Monitoramento dos N\u00facleos Estaduais de Gest\u00e3o e Estrat\u00e9gia de Seguran\u00e7a do Paciente (Negesp) foi elaborado com o prop\u00f3sito de assegurar sua sustentabilidade e efici\u00eancia, consolidando bases s\u00f3lidas para a opera\u00e7\u00e3o e o acompanhamento das a\u00e7\u00f5es em todo o territ\u00f3rio nacional. A proposta parte do entendimento de que a seguran\u00e7a [&hellip;]<\/p>\n","protected":false},"author":2,"featured_media":12438,"comment_status":"closed","ping_status":"closed","sticky":false,"template":"","format":"standard","meta":{"_acf_changed":false,"om_disable_all_campaigns":false,"_monsterinsights_skip_tracking":false,"_monsterinsights_sitenote_active":false,"_monsterinsights_sitenote_note":"","_monsterinsights_sitenote_category":0,"_jetpack_memberships_contains_paid_content":false,"isbn":"","doi":"","descritores":"","deseja-inserir-arquivos":"False","arquivos":"","_anopublicacao":"2025","footnotes":""},"categories":[479,501],"tags":[1448,1450,880,549,947,1446,878,885,1449,1451,1121,1447,566,11,95],"class_list":["post-12435","post","type-post","status-publish","format-standard","has-post-thumbnail","hentry","category-outras-publicacoes","category-ctqcsp","tag-assistencia-hospitalar","tag-boas-praticas","tag-eventos-adversos","tag-gestao-hospitalar","tag-indicadores-de-saude","tag-monitoramento","tag-negesp","tag-politicas-publicas-de-saude","tag-praticas-seguras","tag-prevencao-de-riscos","tag-protocolos-de-seguranca","tag-qualidade-em-saude","tag-seguranca-do-paciente","tag-sus","tag-vigilancia-em-saude"],"acf":{"linkpdf":"https:\/\/www.conass.org.br\/biblioteca\/download\/12432\/?tmstv=1758648631","linkEbook":""},"aioseo_notices":[],"jetpack_sharing_enabled":true,"jetpack_featured_media_url":"https:\/\/www.conass.org.br\/biblioteca\/wp-content\/uploads\/2025\/09\/capa-negesp-2.png","featured_media_details":{"url":"https:\/\/www.conass.org.br\/biblioteca\/wp-content\/uploads\/2025\/09\/capa-negesp-2.png","alt":"","title":"capa-negesp-2","caption":"","description":""},"name_descritores":[],"name_arquivos":[],"_wpas_done_all":"","_fgj2wp_old_id":"","_jetpack_related_posts_cache":"","_edit_lock":"1768935397:123457","_edit_last":"123457","pdf":"","_pdf":"","_at_widget":"","_expiration-date-status":"","_last_editor_used_jetpack":"","_thumbnail_id":"12438","_kksr_ratings":"","_kksr_casts":"","_kksr_ips":"","_kksr_avg":"","_yoast_wpseo_content_score":"","linkpdf":"https:\/\/www.conass.org.br\/biblioteca\/download\/12432\/?tmstv=1758648631","_linkpdf":"field_5d5468dcb6b70","linkEbook":"","_linkEbook":"field_5d546905b6b71","_yoast_wpseo_primary_category":"","_wp_page_template":"default","_yoast_wpseo_focuskw":"","_yoast_wpseo_linkdex":"","_yoast_wpseo_metadesc":"","_yoast_wpseo_title":"","om_disable_all_campaigns":"","_aioseo_title":"","_aioseo_description":"","_aioseo_keywords":[],"_aioseo_og_title":"","_aioseo_og_description":"","_aioseo_og_article_section":"","_aioseo_og_article_tags":[],"_aioseo_twitter_title":"","_aioseo_twitter_description":"","_wp_old_slug":"","_yoast_wpseo_estimated-reading-time-minutes":"","_yoast_wpseo_opengraph-title":"","_yoast_wpseo_opengraph-description":"","_yoast_wpseo_opengraph-image":"","_yoast_wpseo_opengraph-image-id":"","_pprredirect_active":"","_pprredirect_type":"","_pprredirect_url":"","_yoast_wpseo_wordproof_timestamp":"","_oembed_804a5f28813cadd985db7f58c401e70a":"","_oembed_2d21d8d582c765222a9abeafaa1822b5":"","_pingme":"","_encloseme":"","_elementor_template_type":"wp-post","_elementor_version":"3.24.4","_elementor_pro_version":"3.24.2","_wp_old_date":"","nomeCategoria":["Outras Publica\u00e7\u00f5es","Qualidade no Cuidado e Seguran\u00e7a do Paciente"],"_links":{"self":[{"href":"https:\/\/www.conass.org.br\/biblioteca\/wp-json\/wp\/v2\/posts\/12435"}],"collection":[{"href":"https:\/\/www.conass.org.br\/biblioteca\/wp-json\/wp\/v2\/posts"}],"about":[{"href":"https:\/\/www.conass.org.br\/biblioteca\/wp-json\/wp\/v2\/types\/post"}],"author":[{"embeddable":true,"href":"https:\/\/www.conass.org.br\/biblioteca\/wp-json\/wp\/v2\/users\/2"}],"replies":[{"embeddable":true,"href":"https:\/\/www.conass.org.br\/biblioteca\/wp-json\/wp\/v2\/comments?post=12435"}],"version-history":[{"count":3,"href":"https:\/\/www.conass.org.br\/biblioteca\/wp-json\/wp\/v2\/posts\/12435\/revisions"}],"predecessor-version":[{"id":12558,"href":"https:\/\/www.conass.org.br\/biblioteca\/wp-json\/wp\/v2\/posts\/12435\/revisions\/12558"}],"wp:featuredmedia":[{"embeddable":true,"href":"https:\/\/www.conass.org.br\/biblioteca\/wp-json\/wp\/v2\/media\/12438"}],"wp:attachment":[{"href":"https:\/\/www.conass.org.br\/biblioteca\/wp-json\/wp\/v2\/media?parent=12435"}],"wp:term":[{"taxonomy":"category","embeddable":true,"href":"https:\/\/www.conass.org.br\/biblioteca\/wp-json\/wp\/v2\/categories?post=12435"},{"taxonomy":"post_tag","embeddable":true,"href":"https:\/\/www.conass.org.br\/biblioteca\/wp-json\/wp\/v2\/tags?post=12435"}],"curies":[{"name":"wp","href":"https:\/\/api.w.org\/{rel}","templated":true}]}}