{"id":12649,"date":"2025-12-09T20:16:03","date_gmt":"2025-12-09T23:16:03","guid":{"rendered":"https:\/\/www.conass.org.br\/biblioteca\/?p=12649"},"modified":"2025-12-12T13:43:03","modified_gmt":"2025-12-12T16:43:03","slug":"integrador-aps-seguranca-e-prevencao","status":"publish","type":"post","link":"https:\/\/www.conass.org.br\/biblioteca\/integrador-aps-seguranca-e-prevencao\/","title":{"rendered":"Cartilha Projeto Integrador na APS: Seguran\u00e7a do Paciente, Preven\u00e7\u00e3o e Controle de IRAS e Sa\u00fade do Trabalhador para Redu\u00e7\u00e3o dos Riscos e Danos \u00e0 Sa\u00fade"},"content":{"rendered":"<p class=\"p1\">A cartilha apresenta o <i>Projeto Integrador na APS<\/i>, iniciativa que articula Seguran\u00e7a do Paciente (SP), Preven\u00e7\u00e3o e Controle de Infec\u00e7\u00f5es Relacionadas \u00e0 Assist\u00eancia \u00e0 Sa\u00fade (IRAS) e Sa\u00fade do Trabalhador (ST). O documento contextualiza a import\u00e2ncia da integra\u00e7\u00e3o dessas \u00e1reas, destacando que a qualidade do cuidado depende de processos seguros, da compreens\u00e3o dos fatores humanos e da prote\u00e7\u00e3o da sa\u00fade dos profissionais. A proposta se alinha a diretrizes nacionais e internacionais, como o PNSP e o Plano de A\u00e7\u00e3o Global para a Seguran\u00e7a do Paciente 2021\u20132030.<\/p>\n<p class=\"p1\">O Projeto Integrador estrutura-se por meio de oficinas, visitas t\u00e9cnicas e apoio operacional aos munic\u00edpios, fornecendo modelos de documentos, protocolos e orienta\u00e7\u00f5es para implanta\u00e7\u00e3o dos N\u00facleos Municipais de Seguran\u00e7a do Paciente (NMSP) e elabora\u00e7\u00e3o do Plano Municipal de Seguran\u00e7a do Paciente (PMSP). A metodologia empregada utiliza ferramentas participativas como 5W2H, constru\u00e7\u00e3o coletiva de processos e an\u00e1lise situacional, promovendo o fortalecimento da cultura de seguran\u00e7a na APS e na rede de urg\u00eancia e emerg\u00eancia por meio do Protocolo Nosat-RUE.<\/p>\n<p class=\"p1\">A experi\u00eancia apresentada no Piau\u00ed demonstra avan\u00e7os expressivos, incluindo capacita\u00e7\u00e3o de mais de 1.800 profissionais, ades\u00e3o de dezenas de munic\u00edpios e integra\u00e7\u00e3o com o PlanificaSUS. O projeto evidencia que a seguran\u00e7a do cuidado resulta do trabalho colaborativo entre gestores, equipes de sa\u00fade, vigil\u00e2ncias, conselhos e usu\u00e1rios, consolidando a\u00e7\u00f5es cont\u00ednuas para redu\u00e7\u00e3o de riscos, qualifica\u00e7\u00e3o da assist\u00eancia e promo\u00e7\u00e3o de ambientes mais seguros para trabalhadores e pacientes.<\/p>\n<p class=\"p1\">Projeto Integrador APS, Seguran\u00e7a do Paciente, Sa\u00fade do Trabalhador, Preven\u00e7\u00e3o de IRAS, Aten\u00e7\u00e3o Prim\u00e1ria \u00e0 Sa\u00fade, N\u00facleo de Seguran\u00e7a do Paciente, Plano Municipal de Seguran\u00e7a do Paciente, Vigil\u00e2ncia em Sa\u00fade, PlanificaSUS, Qualidade do Cuidado em Sa\u00fade<\/p>\n","protected":false},"excerpt":{"rendered":"<p>A cartilha apresenta o Projeto Integrador na APS, iniciativa que articula Seguran\u00e7a do Paciente (SP), Preven\u00e7\u00e3o e Controle de Infec\u00e7\u00f5es Relacionadas \u00e0 Assist\u00eancia \u00e0 Sa\u00fade (IRAS) e Sa\u00fade do Trabalhador (ST). O documento contextualiza a import\u00e2ncia da integra\u00e7\u00e3o dessas \u00e1reas, destacando que a qualidade do cuidado depende de processos seguros, da compreens\u00e3o dos fatores humanos [&hellip;]<\/p>\n","protected":false},"author":123457,"featured_media":12650,"comment_status":"closed","ping_status":"closed","sticky":false,"template":"","format":"standard","meta":{"_acf_changed":false,"om_disable_all_campaigns":false,"_monsterinsights_skip_tracking":false,"_monsterinsights_sitenote_active":false,"_monsterinsights_sitenote_note":"","_monsterinsights_sitenote_category":0,"_jetpack_memberships_contains_paid_content":false,"isbn":"","doi":"","descritores":{"item-0":{"titulo-descritores":"Seguran\u00e7a do cuidado"},"item-1":{"titulo-descritores":"Gest\u00e3o em sa\u00fade"},"item-2":{"titulo-descritores":"Processos de trabalho na APS"},"item-3":{"titulo-descritores":"Cultura de seguran\u00e7a"},"item-4":{"titulo-descritores":"Vigil\u00e2ncia sanit\u00e1ria"},"item-5":{"titulo-descritores":"Capacita\u00e7\u00e3o profissional"},"item-6":{"titulo-descritores":"Notifica\u00e7\u00e3o de agravos"},"item-7":{"titulo-descritores":"Qualifica\u00e7\u00e3o da assist\u00eancia"},"item-8":{"titulo-descritores":"Metodologias ativas"},"item-9":{"titulo-descritores":"Integra\u00e7\u00e3o da Rede de Aten\u00e7\u00e3o \u00e0 Sa\u00fade"}},"deseja-inserir-arquivos":"False","arquivos":"","_anopublicacao":"2025","footnotes":""},"categories":[479],"tags":[],"class_list":["post-12649","post","type-post","status-publish","format-standard","has-post-thumbnail","hentry","category-outras-publicacoes"],"acf":{"linkpdf":"https:\/\/www.conass.org.br\/biblioteca\/download\/12640\/?tmstv=1765306114","linkEbook":"","link_pdf_ingles":"","link_pdf_espanhol":""},"aioseo_notices":[],"jetpack_sharing_enabled":true,"jetpack_featured_media_url":"https:\/\/www.conass.org.br\/biblioteca\/wp-content\/uploads\/2025\/12\/cartilha-projeto-integrador.png","featured_media_details":{"url":"https:\/\/www.conass.org.br\/biblioteca\/wp-content\/uploads\/2025\/12\/cartilha-projeto-integrador.png","alt":"","title":"cartilha-projeto-integrador","caption":"","description":""},"name_descritores":["Seguran\u00e7a do cuidado","Gest\u00e3o em sa\u00fade","Processos de trabalho na APS","Cultura de seguran\u00e7a","Vigil\u00e2ncia sanit\u00e1ria","Capacita\u00e7\u00e3o profissional","Notifica\u00e7\u00e3o de agravos","Qualifica\u00e7\u00e3o da assist\u00eancia","Metodologias ativas","Integra\u00e7\u00e3o da Rede de Aten\u00e7\u00e3o \u00e0 Sa\u00fade"],"name_arquivos":[],"_wpas_done_all":"","_fgj2wp_old_id":"","_jetpack_related_posts_cache":"","_edit_lock":"1768828885:123457","_edit_last":"123457","pdf":"","_pdf":"","_at_widget":"","_expiration-date-status":"","_last_editor_used_jetpack":"","_thumbnail_id":"12650","_kksr_ratings":"","_kksr_casts":"","_kksr_ips":"","_kksr_avg":"","_yoast_wpseo_content_score":"","linkpdf":"https:\/\/www.conass.org.br\/biblioteca\/download\/12640\/?tmstv=1765306114","_linkpdf":"field_5d5468dcb6b70","linkEbook":"","_linkEbook":"field_5d546905b6b71","_yoast_wpseo_primary_category":"","_wp_page_template":"default","_yoast_wpseo_focuskw":"","_yoast_wpseo_linkdex":"","_yoast_wpseo_metadesc":"","_yoast_wpseo_title":"","om_disable_all_campaigns":"","_aioseo_title":"","_aioseo_description":"","_aioseo_keywords":[],"_aioseo_og_title":"","_aioseo_og_description":"","_aioseo_og_article_section":"","_aioseo_og_article_tags":[],"_aioseo_twitter_title":"","_aioseo_twitter_description":"","_wp_old_slug":"cartilha-projeto-integrador-na-aps-seguranca-do-paciente-prevencao-e-controle-de-iras-e-saude-do-trabalhador-para-reducao-dos-riscos-e-danos-a-saude","_yoast_wpseo_estimated-reading-time-minutes":"","_yoast_wpseo_opengraph-title":"","_yoast_wpseo_opengraph-description":"","_yoast_wpseo_opengraph-image":"","_yoast_wpseo_opengraph-image-id":"","_pprredirect_active":"","_pprredirect_type":"","_pprredirect_url":"","_yoast_wpseo_wordproof_timestamp":"","_oembed_804a5f28813cadd985db7f58c401e70a":"","_oembed_2d21d8d582c765222a9abeafaa1822b5":"","_pingme":"","_encloseme":"","_elementor_template_type":"wp-post","_elementor_version":"3.24.4","_elementor_pro_version":"3.24.2","_wp_old_date":"","nomeCategoria":["Outras Publica\u00e7\u00f5es"],"_links":{"self":[{"href":"https:\/\/www.conass.org.br\/biblioteca\/wp-json\/wp\/v2\/posts\/12649"}],"collection":[{"href":"https:\/\/www.conass.org.br\/biblioteca\/wp-json\/wp\/v2\/posts"}],"about":[{"href":"https:\/\/www.conass.org.br\/biblioteca\/wp-json\/wp\/v2\/types\/post"}],"author":[{"embeddable":true,"href":"https:\/\/www.conass.org.br\/biblioteca\/wp-json\/wp\/v2\/users\/123457"}],"replies":[{"embeddable":true,"href":"https:\/\/www.conass.org.br\/biblioteca\/wp-json\/wp\/v2\/comments?post=12649"}],"version-history":[{"count":2,"href":"https:\/\/www.conass.org.br\/biblioteca\/wp-json\/wp\/v2\/posts\/12649\/revisions"}],"predecessor-version":[{"id":12652,"href":"https:\/\/www.conass.org.br\/biblioteca\/wp-json\/wp\/v2\/posts\/12649\/revisions\/12652"}],"wp:featuredmedia":[{"embeddable":true,"href":"https:\/\/www.conass.org.br\/biblioteca\/wp-json\/wp\/v2\/media\/12650"}],"wp:attachment":[{"href":"https:\/\/www.conass.org.br\/biblioteca\/wp-json\/wp\/v2\/media?parent=12649"}],"wp:term":[{"taxonomy":"category","embeddable":true,"href":"https:\/\/www.conass.org.br\/biblioteca\/wp-json\/wp\/v2\/categories?post=12649"},{"taxonomy":"post_tag","embeddable":true,"href":"https:\/\/www.conass.org.br\/biblioteca\/wp-json\/wp\/v2\/tags?post=12649"}],"curies":[{"name":"wp","href":"https:\/\/api.w.org\/{rel}","templated":true}]}}