{"id":12653,"date":"2025-12-09T20:28:20","date_gmt":"2025-12-09T23:28:20","guid":{"rendered":"https:\/\/www.conass.org.br\/biblioteca\/?p=12653"},"modified":"2026-04-14T16:01:41","modified_gmt":"2026-04-14T19:01:41","slug":"sus-em-redes-planificacao-da-atencao","status":"publish","type":"post","link":"https:\/\/www.conass.org.br\/biblioteca\/sus-em-redes-planificacao-da-atencao\/","title":{"rendered":"SUS em Redes: A Planifica\u00e7\u00e3o da Aten\u00e7\u00e3o \u00e0 Sa\u00fade como Estrat\u00e9gia de Organiza\u00e7\u00e3o"},"content":{"rendered":"<p class=\"p1\">A obra apresenta a Planifica\u00e7\u00e3o da Aten\u00e7\u00e3o \u00e0 Sa\u00fade (PAS) como uma estrat\u00e9gia estruturante para organizar o Sistema \u00danico de Sa\u00fade (SUS) em Redes de Aten\u00e7\u00e3o \u00e0 Sa\u00fade (RAS). Ela refor\u00e7a que a PAS nasce da necessidade de enfrentar a predomin\u00e2ncia das condi\u00e7\u00f5es cr\u00f4nicas em um sistema historicamente fragmentado e voltado para condi\u00e7\u00f5es agudas. Para isso, a publica\u00e7\u00e3o sistematiza fundamentos normativos, conceituais e operacionais que orientam a constru\u00e7\u00e3o de redes integradas, com a Aten\u00e7\u00e3o Prim\u00e1ria \u00e0 Sa\u00fade (APS) no papel de coordenadora do cuidado.<\/p>\n<p class=\"p1\">A PAS \u00e9 apresentada como um processo que transforma princ\u00edpios do SUS em pr\u00e1ticas concretas, conectando territ\u00f3rios, equipes e n\u00edveis de aten\u00e7\u00e3o por meio de macroprocessos, linhas de cuidado, educa\u00e7\u00e3o permanente e governan\u00e7a. A estrat\u00e9gia busca qualificar o cuidado, reduzir a variabilidade cl\u00ednica, otimizar o uso dos recursos e ampliar o valor social gerado. Tamb\u00e9m refor\u00e7a a import\u00e2ncia da estratifica\u00e7\u00e3o de risco, da longitudinalidade, da coordena\u00e7\u00e3o do cuidado e do manejo proativo das condi\u00e7\u00f5es de sa\u00fade.<\/p>\n<p class=\"p1\">A trajet\u00f3ria hist\u00f3rica da PAS demonstra sua evolu\u00e7\u00e3o de experi\u00eancias locais para uma estrat\u00e9gia nacional, estruturada em coopera\u00e7\u00e3o entre Conass, Estados, Munic\u00edpios e institui\u00e7\u00f5es como Benefic\u00eancia Portuguesa, Einstein, Umane e Opas. Avan\u00e7os como laborat\u00f3rios regionais, expans\u00e3o para novas regi\u00f5es, integra\u00e7\u00e3o APS\u2013AAE\u2013Aten\u00e7\u00e3o Hospitalar e incorpora\u00e7\u00e3o de temas como Cuidados Paliativos consolidam a planifica\u00e7\u00e3o como um caminho sustent\u00e1vel para organizar redes, qualificar processos e fortalecer a governan\u00e7a no SUS.<\/p>\n<p class=\"p1\">Planifica\u00e7\u00e3o da Aten\u00e7\u00e3o \u00e0 Sa\u00fade, Redes de Aten\u00e7\u00e3o \u00e0 Sa\u00fade, Aten\u00e7\u00e3o Prim\u00e1ria \u00e0 Sa\u00fade, organiza\u00e7\u00e3o do SUS, cuidados integrados, modelo de aten\u00e7\u00e3o cr\u00f4nica, governan\u00e7a em sa\u00fade, Conass, Proadi-SUS, sa\u00fade p\u00fablica no Brasil<\/p>\n","protected":false},"excerpt":{"rendered":"<p>A obra apresenta a Planifica\u00e7\u00e3o da Aten\u00e7\u00e3o \u00e0 Sa\u00fade (PAS) como uma estrat\u00e9gia estruturante para organizar o Sistema \u00danico de Sa\u00fade (SUS) em Redes de Aten\u00e7\u00e3o \u00e0 Sa\u00fade (RAS). Ela refor\u00e7a que a PAS nasce da necessidade de enfrentar a predomin\u00e2ncia das condi\u00e7\u00f5es cr\u00f4nicas em um sistema historicamente fragmentado e voltado para condi\u00e7\u00f5es agudas. Para [&hellip;]<\/p>\n","protected":false},"author":123457,"featured_media":12654,"comment_status":"closed","ping_status":"closed","sticky":false,"template":"","format":"standard","meta":{"_acf_changed":false,"om_disable_all_campaigns":false,"_monsterinsights_skip_tracking":false,"_monsterinsights_sitenote_active":false,"_monsterinsights_sitenote_note":"","_monsterinsights_sitenote_category":0,"_jetpack_memberships_contains_paid_content":false,"isbn":"","doi":"","descritores":{"item-0":{"titulo-descritores":"Aten\u00e7\u00e3o prim\u00e1ria"},"item-1":{"titulo-descritores":"Redes de cuidado"},"item-2":{"titulo-descritores":"Integra\u00e7\u00e3o APS\u2013AAE"},"item-3":{"titulo-descritores":"Condi\u00e7\u00f5es cr\u00f4nicas"},"item-4":{"titulo-descritores":"Gest\u00e3o do cuidado"},"item-5":{"titulo-descritores":"Educa\u00e7\u00e3o permanente"},"item-6":{"titulo-descritores":"Linhas de cuidado"},"item-7":{"titulo-descritores":"Governan\u00e7a regional"},"item-8":{"titulo-descritores":"Seguran\u00e7a do paciente"},"item-9":{"titulo-descritores":"Territorializa\u00e7\u00e3o"}},"deseja-inserir-arquivos":"False","arquivos":"","_anopublicacao":"2025","footnotes":""},"categories":[460,470],"tags":[],"class_list":["post-12653","post","type-post","status-publish","format-standard","has-post-thumbnail","hentry","category-destaque-aplicativo","category-publicacoes-tematicas-planificacao-da-atencao-a-saude"],"acf":{"linkpdf":"https:\/\/www.conass.org.br\/biblioteca\/download\/12637\/?tmstv=1765306114","linkEbook":"","link_pdf_ingles":"","link_pdf_espanhol":""},"aioseo_notices":[],"jetpack_sharing_enabled":true,"jetpack_featured_media_url":"https:\/\/www.conass.org.br\/biblioteca\/wp-content\/uploads\/2025\/12\/sus-em-redes.png","featured_media_details":{"url":"https:\/\/www.conass.org.br\/biblioteca\/wp-content\/uploads\/2025\/12\/sus-em-redes.png","alt":"","title":"sus-em-redes","caption":"","description":""},"name_descritores":["Aten\u00e7\u00e3o prim\u00e1ria","Redes de cuidado","Integra\u00e7\u00e3o APS\u2013AAE","Condi\u00e7\u00f5es cr\u00f4nicas","Gest\u00e3o do cuidado","Educa\u00e7\u00e3o permanente","Linhas de cuidado","Governan\u00e7a regional","Seguran\u00e7a do paciente","Territorializa\u00e7\u00e3o"],"name_arquivos":[],"_wpas_done_all":"","_fgj2wp_old_id":"","_jetpack_related_posts_cache":"","_edit_lock":"1776193316:2","_edit_last":"2","pdf":"","_pdf":"","_at_widget":"","_expiration-date-status":"","_last_editor_used_jetpack":"","_thumbnail_id":"12654","_kksr_ratings":"","_kksr_casts":"","_kksr_ips":"","_kksr_avg":"","_yoast_wpseo_content_score":"","linkpdf":"https:\/\/www.conass.org.br\/biblioteca\/download\/12637\/?tmstv=1765306114","_linkpdf":"field_5d5468dcb6b70","linkEbook":"","_linkEbook":"field_5d546905b6b71","_yoast_wpseo_primary_category":"","_wp_page_template":"default","_yoast_wpseo_focuskw":"","_yoast_wpseo_linkdex":"","_yoast_wpseo_metadesc":"","_yoast_wpseo_title":"","om_disable_all_campaigns":"","_aioseo_title":"","_aioseo_description":"","_aioseo_keywords":[],"_aioseo_og_title":"","_aioseo_og_description":"","_aioseo_og_article_section":"","_aioseo_og_article_tags":[],"_aioseo_twitter_title":"","_aioseo_twitter_description":"","_wp_old_slug":"sus-em-redes-a-planificacao-da-atencao-a-saude-como-estrategia-de-organizacao","_yoast_wpseo_estimated-reading-time-minutes":"","_yoast_wpseo_opengraph-title":"","_yoast_wpseo_opengraph-description":"","_yoast_wpseo_opengraph-image":"","_yoast_wpseo_opengraph-image-id":"","_pprredirect_active":"","_pprredirect_type":"","_pprredirect_url":"","_yoast_wpseo_wordproof_timestamp":"","_oembed_804a5f28813cadd985db7f58c401e70a":"","_oembed_2d21d8d582c765222a9abeafaa1822b5":"","_pingme":"","_encloseme":"","_elementor_template_type":"wp-post","_elementor_version":"3.24.4","_elementor_pro_version":"3.24.2","_wp_old_date":"","nomeCategoria":["Destaque Aplicativo","Publica\u00e7\u00f5es Tem\u00e1ticas | Planifica\u00e7\u00e3o da Aten\u00e7\u00e3o \u00e0 Sa\u00fade"],"_links":{"self":[{"href":"https:\/\/www.conass.org.br\/biblioteca\/wp-json\/wp\/v2\/posts\/12653"}],"collection":[{"href":"https:\/\/www.conass.org.br\/biblioteca\/wp-json\/wp\/v2\/posts"}],"about":[{"href":"https:\/\/www.conass.org.br\/biblioteca\/wp-json\/wp\/v2\/types\/post"}],"author":[{"embeddable":true,"href":"https:\/\/www.conass.org.br\/biblioteca\/wp-json\/wp\/v2\/users\/123457"}],"replies":[{"embeddable":true,"href":"https:\/\/www.conass.org.br\/biblioteca\/wp-json\/wp\/v2\/comments?post=12653"}],"version-history":[{"count":1,"href":"https:\/\/www.conass.org.br\/biblioteca\/wp-json\/wp\/v2\/posts\/12653\/revisions"}],"predecessor-version":[{"id":12655,"href":"https:\/\/www.conass.org.br\/biblioteca\/wp-json\/wp\/v2\/posts\/12653\/revisions\/12655"}],"wp:featuredmedia":[{"embeddable":true,"href":"https:\/\/www.conass.org.br\/biblioteca\/wp-json\/wp\/v2\/media\/12654"}],"wp:attachment":[{"href":"https:\/\/www.conass.org.br\/biblioteca\/wp-json\/wp\/v2\/media?parent=12653"}],"wp:term":[{"taxonomy":"category","embeddable":true,"href":"https:\/\/www.conass.org.br\/biblioteca\/wp-json\/wp\/v2\/categories?post=12653"},{"taxonomy":"post_tag","embeddable":true,"href":"https:\/\/www.conass.org.br\/biblioteca\/wp-json\/wp\/v2\/tags?post=12653"}],"curies":[{"name":"wp","href":"https:\/\/api.w.org\/{rel}","templated":true}]}}