{"id":12724,"date":"2026-01-16T22:13:10","date_gmt":"2026-01-17T01:13:10","guid":{"rendered":"https:\/\/www.conass.org.br\/biblioteca\/?p=12724"},"modified":"2026-04-14T16:01:18","modified_gmt":"2026-04-14T19:01:18","slug":"negesp-seguranca-do-paciente-sus-caderno-3","status":"publish","type":"post","link":"https:\/\/www.conass.org.br\/biblioteca\/negesp-seguranca-do-paciente-sus-caderno-3\/","title":{"rendered":"NEGESP: Estrutura\u00e7\u00e3o e Monitoramento da Seguran\u00e7a do Paciente no SUS \u2013 Caderno 3"},"content":{"rendered":"<p class=\"p1\">Este livro apresenta um marco t\u00e9cnico e estrat\u00e9gico para a consolida\u00e7\u00e3o da seguran\u00e7a do paciente como eixo estruturante da gest\u00e3o p\u00fablica em sa\u00fade no Brasil. Partindo de evid\u00eancias nacionais e internacionais, o documento demonstra que investir em seguran\u00e7a do paciente n\u00e3o representa custo adicional, mas uma estrat\u00e9gia essencial para efici\u00eancia, sustentabilidade financeira e prote\u00e7\u00e3o da vida no Sistema \u00danico de Sa\u00fade (SUS).<\/p>\n<p class=\"p1\">A obra aprofunda a discuss\u00e3o sobre financiamento da seguran\u00e7a do paciente, evidenciando lacunas hist\u00f3ricas no financiamento perene e analisando experi\u00eancias existentes no pa\u00eds, como projetos vinculados ao Proadi-SUS e iniciativas estaduais pontuais. Ao mesmo tempo, refor\u00e7a a necessidade de integrar a seguran\u00e7a do paciente aos instrumentos formais de planejamento, or\u00e7amento e contratualiza\u00e7\u00e3o do SUS.<\/p>\n<p class=\"p1\">Outro eixo central do livro \u00e9 o alinhamento do Brasil ao Plano Global de A\u00e7\u00e3o para a Seguran\u00e7a do Paciente 2021\u20132030, da Organiza\u00e7\u00e3o Mundial da Sa\u00fade. O texto detalha recomenda\u00e7\u00f5es para incorpora\u00e7\u00e3o da seguran\u00e7a do paciente nos processos de gest\u00e3o, regula\u00e7\u00e3o, monitoramento e transpar\u00eancia, destacando o uso estrat\u00e9gico de indicadores, sistemas de informa\u00e7\u00e3o e governan\u00e7a baseada em evid\u00eancias.<\/p>\n<p class=\"p1\">Por fim, o documento consolida o papel dos N\u00facleos Estaduais de Gest\u00e3o Estrat\u00e9gica da Seguran\u00e7a do Paciente (Negesp) como inst\u00e2ncias permanentes de articula\u00e7\u00e3o, indu\u00e7\u00e3o de pol\u00edticas p\u00fablicas e apoio t\u00e9cnico \u00e0s Secretarias Estaduais e Municipais de Sa\u00fade. Ao propor diretrizes claras e instrumentos operacionais, o livro se configura como um guia pr\u00e1tico para gestores comprometidos com um SUS mais seguro, eficiente, humano e sustent\u00e1vel.<\/p>\n<p><strong>Palavras-chave:<\/strong> seguran\u00e7a do paciente, SUS, gest\u00e3o p\u00fablica em sa\u00fade, qualidade do cuidado, NEGESP, governan\u00e7a em sa\u00fade, financiamento da sa\u00fade, regula\u00e7\u00e3o do SUS, pol\u00edticas p\u00fablicas, OMS, Plano Global de Seguran\u00e7a do Paciente, eventos adversos, cultura de seguran\u00e7a, gest\u00e3o baseada em evid\u00eancias, redes de aten\u00e7\u00e3o \u00e0 sa\u00fade, planejamento em sa\u00fade, monitoramento de indicadores, efici\u00eancia do SUS, cuidado seguro, Conass<\/p>\n","protected":false},"excerpt":{"rendered":"<p>Este livro apresenta um marco t\u00e9cnico e estrat\u00e9gico para a consolida\u00e7\u00e3o da seguran\u00e7a do paciente como eixo estruturante da gest\u00e3o p\u00fablica em sa\u00fade no Brasil. Partindo de evid\u00eancias nacionais e internacionais, o documento demonstra que investir em seguran\u00e7a do paciente n\u00e3o representa custo adicional, mas uma estrat\u00e9gia essencial para efici\u00eancia, sustentabilidade financeira e prote\u00e7\u00e3o da [&hellip;]<\/p>\n","protected":false},"author":123457,"featured_media":12740,"comment_status":"closed","ping_status":"closed","sticky":false,"template":"","format":"standard","meta":{"_acf_changed":false,"om_disable_all_campaigns":false,"_monsterinsights_skip_tracking":false,"_monsterinsights_sitenote_active":false,"_monsterinsights_sitenote_note":"","_monsterinsights_sitenote_category":0,"_jetpack_memberships_contains_paid_content":false,"isbn":"","doi":"","descritores":{"item-0":{"titulo-descritores":"Seguran\u00e7a do paciente"},"item-1":{"titulo-descritores":"Gest\u00e3o em sa\u00fade"},"item-2":{"titulo-descritores":"SUS"},"item-3":{"titulo-descritores":"Governan\u00e7a cl\u00ednica"},"item-4":{"titulo-descritores":"Financiamento da sa\u00fade"},"item-5":{"titulo-descritores":"Regula\u00e7\u00e3o em sa\u00fade"},"item-6":{"titulo-descritores":"Qualidade do cuidado"},"item-7":{"titulo-descritores":"NEGESP"},"item-8":{"titulo-descritores":"Planejamento em sa\u00fade"},"item-9":{"titulo-descritores":"Pol\u00edticas p\u00fablicas de sa\u00fade"}},"deseja-inserir-arquivos":"False","arquivos":"","_anopublicacao":"2026","footnotes":""},"categories":[460,479,501],"tags":[13,1583,887,1582,880,111,1580,1577,1006,1581,878,338,1147,1579,1355,1578,60,352,566,11],"class_list":["post-12724","post","type-post","status-publish","format-standard","has-post-thumbnail","hentry","category-destaque-aplicativo","category-outras-publicacoes","category-ctqcsp","tag-conass","tag-cuidado-seguro","tag-cultura-de-seguranca","tag-eficiencia-do-sus","tag-eventos-adversos","tag-financiamento-da-saude","tag-gestao-baseada-em-evidencias","tag-gestao-publica-em-saude","tag-governanca-em-saude","tag-monitoramento-de-indicadores","tag-negesp","tag-oms","tag-planejamento-em-saude","tag-plano-global-de-seguranca-do-paciente","tag-politicas-publicas","tag-qualidade-do-cuidado","tag-redes-de-atencao-a-saude","tag-regulacao-do-sus","tag-seguranca-do-paciente","tag-sus"],"acf":{"linkpdf":"https:\/\/www.conass.org.br\/biblioteca\/download\/12721\/?tmstv=1768932875","linkEbook":"","link_pdf_ingles":"","link_pdf_espanhol":""},"aioseo_notices":[],"jetpack_sharing_enabled":true,"jetpack_featured_media_url":"https:\/\/www.conass.org.br\/biblioteca\/wp-content\/uploads\/2026\/01\/mockup-negesp-3.png","featured_media_details":{"url":"https:\/\/www.conass.org.br\/biblioteca\/wp-content\/uploads\/2026\/01\/mockup-negesp-3.png","alt":"","title":"mockup-negesp-3","caption":"","description":""},"name_descritores":["Seguran\u00e7a do paciente","Gest\u00e3o em sa\u00fade","SUS","Governan\u00e7a cl\u00ednica","Financiamento da sa\u00fade","Regula\u00e7\u00e3o em sa\u00fade","Qualidade do cuidado","NEGESP","Planejamento em sa\u00fade","Pol\u00edticas p\u00fablicas de sa\u00fade"],"name_arquivos":[],"_wpas_done_all":"","_fgj2wp_old_id":"","_jetpack_related_posts_cache":"","_edit_lock":"1776193462:2","_edit_last":"2","pdf":"","_pdf":"","_at_widget":"","_expiration-date-status":"","_last_editor_used_jetpack":"","_thumbnail_id":"12740","_kksr_ratings":"","_kksr_casts":"","_kksr_ips":"","_kksr_avg":"","_yoast_wpseo_content_score":"","linkpdf":"https:\/\/www.conass.org.br\/biblioteca\/download\/12721\/?tmstv=1768932875","_linkpdf":"field_5d5468dcb6b70","linkEbook":"","_linkEbook":"field_5d546905b6b71","_yoast_wpseo_primary_category":"","_wp_page_template":"default","_yoast_wpseo_focuskw":"","_yoast_wpseo_linkdex":"","_yoast_wpseo_metadesc":"","_yoast_wpseo_title":"","om_disable_all_campaigns":"","_aioseo_title":"","_aioseo_description":"","_aioseo_keywords":[],"_aioseo_og_title":"","_aioseo_og_description":"","_aioseo_og_article_section":"","_aioseo_og_article_tags":[],"_aioseo_twitter_title":"","_aioseo_twitter_description":"","_wp_old_slug":"","_yoast_wpseo_estimated-reading-time-minutes":"","_yoast_wpseo_opengraph-title":"","_yoast_wpseo_opengraph-description":"","_yoast_wpseo_opengraph-image":"","_yoast_wpseo_opengraph-image-id":"","_pprredirect_active":"","_pprredirect_type":"","_pprredirect_url":"","_yoast_wpseo_wordproof_timestamp":"","_oembed_804a5f28813cadd985db7f58c401e70a":"","_oembed_2d21d8d582c765222a9abeafaa1822b5":"","_pingme":"","_encloseme":"","_elementor_template_type":"","_elementor_version":"","_elementor_pro_version":"","_wp_old_date":"","nomeCategoria":["Destaque Aplicativo","Outras Publica\u00e7\u00f5es","Qualidade no Cuidado e Seguran\u00e7a do Paciente"],"_links":{"self":[{"href":"https:\/\/www.conass.org.br\/biblioteca\/wp-json\/wp\/v2\/posts\/12724"}],"collection":[{"href":"https:\/\/www.conass.org.br\/biblioteca\/wp-json\/wp\/v2\/posts"}],"about":[{"href":"https:\/\/www.conass.org.br\/biblioteca\/wp-json\/wp\/v2\/types\/post"}],"author":[{"embeddable":true,"href":"https:\/\/www.conass.org.br\/biblioteca\/wp-json\/wp\/v2\/users\/123457"}],"replies":[{"embeddable":true,"href":"https:\/\/www.conass.org.br\/biblioteca\/wp-json\/wp\/v2\/comments?post=12724"}],"version-history":[{"count":5,"href":"https:\/\/www.conass.org.br\/biblioteca\/wp-json\/wp\/v2\/posts\/12724\/revisions"}],"predecessor-version":[{"id":12792,"href":"https:\/\/www.conass.org.br\/biblioteca\/wp-json\/wp\/v2\/posts\/12724\/revisions\/12792"}],"wp:featuredmedia":[{"embeddable":true,"href":"https:\/\/www.conass.org.br\/biblioteca\/wp-json\/wp\/v2\/media\/12740"}],"wp:attachment":[{"href":"https:\/\/www.conass.org.br\/biblioteca\/wp-json\/wp\/v2\/media?parent=12724"}],"wp:term":[{"taxonomy":"category","embeddable":true,"href":"https:\/\/www.conass.org.br\/biblioteca\/wp-json\/wp\/v2\/categories?post=12724"},{"taxonomy":"post_tag","embeddable":true,"href":"https:\/\/www.conass.org.br\/biblioteca\/wp-json\/wp\/v2\/tags?post=12724"}],"curies":[{"name":"wp","href":"https:\/\/api.w.org\/{rel}","templated":true}]}}