{"id":547,"date":"2015-07-07T13:53:03","date_gmt":"2015-07-07T13:53:03","guid":{"rendered":"http:\/\/www.conass.org.br\/biblioteca\/?p=547"},"modified":"2025-07-08T10:39:20","modified_gmt":"2025-07-08T13:39:20","slug":"vigilancia-em-saude-parte-2-2","status":"publish","type":"post","link":"https:\/\/www.conass.org.br\/biblioteca\/vigilancia-em-saude-parte-2-2\/","title":{"rendered":"Vigil\u00e2ncia em Sa\u00fade \u2013 Parte 2"},"content":{"rendered":"<p>Este livro trata do tema Vigil\u00e2ncia Sanit\u00e1ria visando proporcionar aos Secret\u00e1rios de Estado de Sa\u00fade e sua equipe a vis\u00e3o de como esta \u00e1rea est\u00e1 inserida no Sistema Estadual de Sa\u00fade. Apresenta o campo de abrang\u00eancia da Vigil\u00e2ncia Sanit\u00e1ria, sua \u00e1rea de atua\u00e7\u00e3o e o processo de trabalho no contexto da administra\u00e7\u00e3o p\u00fablica e detalha sua organiza\u00e7\u00e3o, sob quais preceitos foi criada e como est\u00e1 sendo desenvolvida no Brasil. O Sistema Nacional de Vigil\u00e2ncia Sanit\u00e1ria tamb\u00e9m \u00e9 apresentado em seus aspectos estruturais, de financiamento e de gest\u00e3o, bem como sua inser\u00e7\u00e3o no processo de pactua\u00e7\u00e3o do SUS.<\/p>\n<p><strong>Texto de atualiza\u00e7\u00e3o de 2015. O livro original pode ser <a title=\"VIGIL\u00c2NCIA EM SA\u00daDE \u2013 PARTE 2\" href=\"http:\/\/www.conass.org.br\/biblioteca\/vigilancia-em-saude-parte-2\/\" target=\"_blank\" rel=\"noopener\">acessado aqui<\/a>.<\/strong><br \/>\n<!--h3 id=\"download-bootstrap\">Vers\u00f5es dispon\u00edveis<\/h3>\n\n\n<a href=\"http:\/\/www.conass.org.br\/biblioteca\/ccount\/click.php?id=149\" target=\"_blank\" rel=\"noopener\"><img decoding=\"async\" class=\"alignleft wp-image-62\" style=\"border: 0px; margin: 0px;\" title=\"Vers\u00e3o PDF\" src=\"http:\/\/www.conass.org.br\/biblioteca\/wp-content\/uploads\/2014\/03\/botaoPDF.jpg\" alt=\"Vers\u00e3o PDF\" width=\"120\" height=\"80\" \/><\/a--><\/p>\n","protected":false},"excerpt":{"rendered":"<p>Este livro trata do tema Vigil\u00e2ncia Sanit\u00e1ria visando proporcionar aos Secret\u00e1rios de Estado de Sa\u00fade e sua equipe a vis\u00e3o de como esta \u00e1rea est\u00e1 inserida no Sistema Estadual de Sa\u00fade. Apresenta o campo de abrang\u00eancia da Vigil\u00e2ncia Sanit\u00e1ria, sua \u00e1rea de atua\u00e7\u00e3o e o processo de trabalho no contexto da administra\u00e7\u00e3o p\u00fablica e detalha [&hellip;]<\/p>\n","protected":false},"author":2,"featured_media":11471,"comment_status":"closed","ping_status":"closed","sticky":false,"template":"","format":"standard","meta":{"_acf_changed":false,"om_disable_all_campaigns":false,"_monsterinsights_skip_tracking":false,"_monsterinsights_sitenote_active":false,"_monsterinsights_sitenote_note":"","_monsterinsights_sitenote_category":0,"_jetpack_memberships_contains_paid_content":false,"isbn":"","doi":"","descritores":"","deseja-inserir-arquivos":"False","arquivos":"","_anopublicacao":"2015","footnotes":""},"categories":[10,500,504],"tags":[66,97,98,95,96],"class_list":["post-547","post","type-post","status-publish","format-standard","has-post-thumbnail","hentry","category-colecao-para-entender-a-gestao-do-sus-2011-atualizacao-2015","category-ctlsp","category-ctvisa","tag-para-entender-a-gestao-do-sus","tag-sistema-estadual-de-saude","tag-sistema-nacional-de-vigilancia-sanitaria","tag-vigilancia-em-saude","tag-vigilancia-sanitaria"],"acf":{"linkpdf":"https:\/\/www.conass.org.br\/biblioteca\/download\/8690\/?tmstv=1688980479","linkEbook":""},"aioseo_notices":[],"jetpack_sharing_enabled":true,"jetpack_featured_media_url":"https:\/\/www.conass.org.br\/biblioteca\/wp-content\/uploads\/2015\/07\/06-Vigilancia-em-Saude-Parte-02-2015.png","featured_media_details":{"url":"https:\/\/www.conass.org.br\/biblioteca\/wp-content\/uploads\/2015\/07\/06-Vigilancia-em-Saude-Parte-02-2015.png","alt":"Vigila\u0302ncia em Sau\u0301de - Parte 02 2015","title":"06- Vigila\u0302ncia em Sau\u0301de - Parte 02 2015","caption":"","description":""},"name_descritores":[],"name_arquivos":[],"_wpas_done_all":"1","_fgj2wp_old_id":"","_jetpack_related_posts_cache":{"8f6677c9d6b0f903e98ad32ec61f8deb":{"expires":1485996155,"payload":[{"id":209},{"id":207},{"id":544}]}},"_edit_lock":"1751981820:123457","_edit_last":"123457","pdf":"","_pdf":"","_at_widget":"","_expiration-date-status":"","_last_editor_used_jetpack":"","_thumbnail_id":"11471","_kksr_ratings":"5","_kksr_casts":"1","_kksr_ips":"YToxOntpOjA7czoxNDoiMTc3LjE1OS4xNTcuNTAiO30=","_kksr_avg":"5.00","_yoast_wpseo_content_score":"30","linkpdf":"https:\/\/www.conass.org.br\/biblioteca\/download\/8690\/?tmstv=1688980479","_linkpdf":"field_5d5468dcb6b70","linkEbook":"","_linkEbook":"field_5d546905b6b71","_yoast_wpseo_primary_category":"","_wp_page_template":"default","_yoast_wpseo_focuskw":"Vigil\u00e2ncia em Sa\u00fade","_yoast_wpseo_linkdex":"65","_yoast_wpseo_metadesc":"Livro de atualiza\u00e7\u00e3o de 2015 da cole\u00e7\u00e3o Para entender a gest\u00e3o do SUS 2011. Livro sobre Vigil\u00e2ncia em Sa\u00fade \u2013 Parte 2.","_yoast_wpseo_title":"Vigil\u00e2ncia em Sa\u00fade \u2013 Parte 2","om_disable_all_campaigns":"","_aioseo_title":"","_aioseo_description":"","_aioseo_keywords":[],"_aioseo_og_title":"","_aioseo_og_description":"","_aioseo_og_article_section":"","_aioseo_og_article_tags":[],"_aioseo_twitter_title":"","_aioseo_twitter_description":"","_wp_old_slug":"","_yoast_wpseo_estimated-reading-time-minutes":"","_yoast_wpseo_opengraph-title":"","_yoast_wpseo_opengraph-description":"","_yoast_wpseo_opengraph-image":"","_yoast_wpseo_opengraph-image-id":"","_pprredirect_active":"","_pprredirect_type":"","_pprredirect_url":"","_yoast_wpseo_wordproof_timestamp":"","_oembed_804a5f28813cadd985db7f58c401e70a":"","_oembed_2d21d8d582c765222a9abeafaa1822b5":"","_pingme":"","_encloseme":"","_elementor_template_type":"wp-post","_elementor_version":"3.24.4","_elementor_pro_version":"3.24.2","_wp_old_date":"","nomeCategoria":["COLE\u00c7\u00c3O PARA ENTENDER A GEST\u00c3O DO SUS 2011 \u2013 ATUALIZA\u00c7\u00c3O 2015","Laborat\u00f3rio de Sa\u00fade P\u00fablica","Vigil\u00e2ncia Sanit\u00e1ria"],"_links":{"self":[{"href":"https:\/\/www.conass.org.br\/biblioteca\/wp-json\/wp\/v2\/posts\/547"}],"collection":[{"href":"https:\/\/www.conass.org.br\/biblioteca\/wp-json\/wp\/v2\/posts"}],"about":[{"href":"https:\/\/www.conass.org.br\/biblioteca\/wp-json\/wp\/v2\/types\/post"}],"author":[{"embeddable":true,"href":"https:\/\/www.conass.org.br\/biblioteca\/wp-json\/wp\/v2\/users\/2"}],"replies":[{"embeddable":true,"href":"https:\/\/www.conass.org.br\/biblioteca\/wp-json\/wp\/v2\/comments?post=547"}],"version-history":[{"count":6,"href":"https:\/\/www.conass.org.br\/biblioteca\/wp-json\/wp\/v2\/posts\/547\/revisions"}],"predecessor-version":[{"id":12166,"href":"https:\/\/www.conass.org.br\/biblioteca\/wp-json\/wp\/v2\/posts\/547\/revisions\/12166"}],"wp:featuredmedia":[{"embeddable":true,"href":"https:\/\/www.conass.org.br\/biblioteca\/wp-json\/wp\/v2\/media\/11471"}],"wp:attachment":[{"href":"https:\/\/www.conass.org.br\/biblioteca\/wp-json\/wp\/v2\/media?parent=547"}],"wp:term":[{"taxonomy":"category","embeddable":true,"href":"https:\/\/www.conass.org.br\/biblioteca\/wp-json\/wp\/v2\/categories?post=547"},{"taxonomy":"post_tag","embeddable":true,"href":"https:\/\/www.conass.org.br\/biblioteca\/wp-json\/wp\/v2\/tags?post=547"}],"curies":[{"name":"wp","href":"https:\/\/api.w.org\/{rel}","templated":true}]}}