{"id":602,"date":"2015-08-05T16:24:56","date_gmt":"2015-08-05T16:24:56","guid":{"rendered":"http:\/\/www.conass.org.br\/biblioteca\/?p=602"},"modified":"2025-07-08T12:34:03","modified_gmt":"2025-07-08T15:34:03","slug":"que-saude-voce-ve","status":"publish","type":"post","link":"https:\/\/www.conass.org.br\/biblioteca\/que-saude-voce-ve\/","title":{"rendered":"Que Sa\u00fade Voc\u00ea V\u00ea?"},"content":{"rendered":"<p>O CONASS, em parceria com o Canal Sa\u00fade da Funda\u00e7\u00e3o Oswaldo Cruz, realizou no dia 28 de novembro de 2014 o semin\u00e1rio CONASS Debate \u2013 Que sa\u00fade voc\u00ea v\u00ea?. O livro \u00e9 o registro do semin\u00e1rio que ratificou o entendimento de que \u00e9 preciso reconhecer a comunica\u00e7\u00e3o como \u00e1rea estrat\u00e9gica da sa\u00fade e n\u00e3o como um setor que apenas produz folderes ou marca entrevistas. N\u00e3o se trata apenas de pautar a imprensa ou ter um furo de reportagem, mas de estabelecer uma rela\u00e7\u00e3o efetiva entre os profissionais que comunicam a sa\u00fade. No horizonte, a perspectiva de uma pol\u00edtica de comunica\u00e7\u00e3o que abranja toda a gest\u00e3o de sa\u00fade no pa\u00eds, refletida tamb\u00e9m na forma\u00e7\u00e3o dos comunicadores brasileiros.<\/p>\n<p>&nbsp;<\/p>\n<p>Comunica\u00e7\u00e3o e Sa\u00fade, SUS na m\u00eddia, imagem do SUS, pol\u00edtica de comunica\u00e7\u00e3o, jornalismo de sa\u00fade, direito \u00e0 comunica\u00e7\u00e3o, direito \u00e0 sa\u00fade, CONASS, Fiocruz, m\u00eddia e sa\u00fade, comunica\u00e7\u00e3o p\u00fablica, sa\u00fade p\u00fablica, judicializa\u00e7\u00e3o da sa\u00fade, assessoria de imprensa, redes sociais, Cl\u00e1udia Collucci, Fabiane Leite, Inesita Soares de Araujo, Murilo C\u00e9sar Ramos, Canal Sa\u00fade.<\/p>\n<p><!--h3 id=\"download-bootstrap\">Vers\u00f5es dispon\u00edveis<\/h3>\n\n\n<a href=\"http:\/\/www.conass.org.br\/biblioteca\/ccount\/click.php?id=159\" target=\"_blank\" rel=\"noopener\"><img decoding=\"async\" class=\"alignleft size-full wp-image-62\" style=\"border: 0px; margin: 0px; margin-right: 10px;\" title=\"Vers\u00e3o PDF\" src=\"http:\/\/www.conass.org.br\/biblioteca\/wp-content\/uploads\/2014\/03\/botaoPDF.jpg\" alt=\"Vers\u00e3o PDF\" width=\"120\" height=\"80\" \/><\/a><a href=\"http:\/\/www.conass.org.br\/biblioteca\/ccount\/click.php?id=160\"><img decoding=\"async\" class=\"alignnone size-full wp-image-356\" style=\"border: 0px; margin: 0px;\" title=\"Vers\u00e3o ePub\" src=\"http:\/\/www.conass.org.br\/biblioteca\/wp-content\/uploads\/2014\/03\/ico-ebo.jpg\" alt=\"ePub\" width=\"120\" height=\"80\" \/><\/a--><\/p>\n","protected":false},"excerpt":{"rendered":"<p>O CONASS, em parceria com o Canal Sa\u00fade da Funda\u00e7\u00e3o Oswaldo Cruz, realizou no dia 28 de novembro de 2014 o semin\u00e1rio CONASS Debate \u2013 Que sa\u00fade voc\u00ea v\u00ea?. O livro \u00e9 o registro do semin\u00e1rio que ratificou o entendimento de que \u00e9 preciso reconhecer a comunica\u00e7\u00e3o como \u00e1rea estrat\u00e9gica da sa\u00fade e n\u00e3o como [&hellip;]<\/p>\n","protected":false},"author":2,"featured_media":9615,"comment_status":"closed","ping_status":"closed","sticky":false,"template":"","format":"standard","meta":{"_acf_changed":false,"om_disable_all_campaigns":false,"_monsterinsights_skip_tracking":false,"_monsterinsights_sitenote_active":false,"_monsterinsights_sitenote_note":"","_monsterinsights_sitenote_category":0,"_jetpack_memberships_contains_paid_content":false,"isbn":"978-85-8071-031-1 ","doi":"","descritores":{"item-0":{"titulo-descritores":"An\u00e1lise da cobertura midi\u00e1tica sobre o Sistema \u00danico de Sa\u00fade (SUS) e o desafio de construir sua imagem p\u00fablica"},"item-1":{"titulo-descritores":"Debate sobre a complexa rela\u00e7\u00e3o entre jornalistas e gestores de sa\u00fade, abordando a veicula\u00e7\u00e3o de not\u00edcias positivas e negativas"},"item-2":{"titulo-descritores":"Discuss\u00e3o sobre o direito \u00e0 comunica\u00e7\u00e3o como um componente essencial e insepar\u00e1vel do direito \u00e0 sa\u00fade para a cidadania"},"item-3":{"titulo-descritores":"Cr\u00edtica aos modelos tradicionais e centralizados de comunica\u00e7\u00e3o em sa\u00fade, frequentemente focados em campanhas e publicidade institucional"},"item-4":{"titulo-descritores":"An\u00e1lise da influ\u00eancia da m\u00eddia e dos conflitos de interesse da ind\u00fastria na judicializa\u00e7\u00e3o da sa\u00fade e na incorpora\u00e7\u00e3o de tecnologias."}},"deseja-inserir-arquivos":"False","arquivos":"","_anopublicacao":"2015","footnotes":""},"categories":[494,8],"tags":[45,36,19,46,44],"class_list":["post-602","post","type-post","status-publish","format-standard","has-post-thumbnail","hentry","category-comunicacao-em-saude","category-conass-debate","tag-canal-saude","tag-claudia-collucci","tag-conass-debate","tag-fundacao-oswaldo-cruz","tag-que-saude-voce-ve"],"acf":{"linkpdf":"https:\/\/www.conass.org.br\/biblioteca\/download\/8649\/?tmstv=1688975039","linkEbook":"https:\/\/www.conass.org.br\/biblioteca\/download\/8652\/?tmstv=1688975083"},"aioseo_notices":[],"jetpack_sharing_enabled":true,"jetpack_featured_media_url":"https:\/\/www.conass.org.br\/biblioteca\/wp-content\/uploads\/2015\/08\/conass-debate-004.png","featured_media_details":{"url":"https:\/\/www.conass.org.br\/biblioteca\/wp-content\/uploads\/2015\/08\/conass-debate-004.png","alt":"","title":"conass-debate-004","caption":"","description":""},"name_descritores":["An\u00e1lise da cobertura midi\u00e1tica sobre o Sistema \u00danico de Sa\u00fade (SUS) e o desafio de construir sua imagem p\u00fablica","Debate sobre a complexa rela\u00e7\u00e3o entre jornalistas e gestores de sa\u00fade, abordando a veicula\u00e7\u00e3o de not\u00edcias positivas e negativas","Discuss\u00e3o sobre o direito \u00e0 comunica\u00e7\u00e3o como um componente essencial e insepar\u00e1vel do direito \u00e0 sa\u00fade para a cidadania","Cr\u00edtica aos modelos tradicionais e centralizados de comunica\u00e7\u00e3o em sa\u00fade, frequentemente focados em campanhas e publicidade institucional","An\u00e1lise da influ\u00eancia da m\u00eddia e dos conflitos de interesse da ind\u00fastria na judicializa\u00e7\u00e3o da sa\u00fade e na incorpora\u00e7\u00e3o de tecnologias."],"name_arquivos":[],"_wpas_done_all":"1","_fgj2wp_old_id":"","_jetpack_related_posts_cache":{"8f6677c9d6b0f903e98ad32ec61f8deb":{"expires":1485361536,"payload":[{"id":425},{"id":493},{"id":6365}]}},"_edit_lock":"1751988700:123457","_edit_last":"123457","pdf":"","_pdf":"","_at_widget":"","_expiration-date-status":"","_last_editor_used_jetpack":"classic-editor","_thumbnail_id":"9615","_kksr_ratings":"5","_kksr_casts":"1","_kksr_ips":"YToxOntpOjA7czoxNDoiMTc3LjE1OS4xNTcuNTAiO30=","_kksr_avg":"5.00","_yoast_wpseo_content_score":"30","linkpdf":"https:\/\/www.conass.org.br\/biblioteca\/download\/8649\/?tmstv=1688975039","_linkpdf":"field_5d5468dcb6b70","linkEbook":"https:\/\/www.conass.org.br\/biblioteca\/download\/8652\/?tmstv=1688975083","_linkEbook":"field_5d546905b6b71","_yoast_wpseo_primary_category":"","_wp_page_template":"default","_yoast_wpseo_focuskw":"Que Sa\u00fade Voc\u00ea V\u00ea?","_yoast_wpseo_linkdex":"67","_yoast_wpseo_metadesc":"O livro \u00e9 o registro do semin\u00e1rio CONASS Debate \u2013 Que sa\u00fade voc\u00ea v\u00ea? que ratificou o entendimento de que \u00e9 preciso reconhecer a comunica\u00e7\u00e3o...","_yoast_wpseo_title":"Que Sa\u00fade Voc\u00ea V\u00ea?","om_disable_all_campaigns":"","_aioseo_title":"","_aioseo_description":"","_aioseo_keywords":[],"_aioseo_og_title":"","_aioseo_og_description":"","_aioseo_og_article_section":"","_aioseo_og_article_tags":[],"_aioseo_twitter_title":"","_aioseo_twitter_description":"","_wp_old_slug":"","_yoast_wpseo_estimated-reading-time-minutes":"","_yoast_wpseo_opengraph-title":"","_yoast_wpseo_opengraph-description":"","_yoast_wpseo_opengraph-image":"","_yoast_wpseo_opengraph-image-id":"","_pprredirect_active":"","_pprredirect_type":"","_pprredirect_url":"","_yoast_wpseo_wordproof_timestamp":"","_oembed_804a5f28813cadd985db7f58c401e70a":"","_oembed_2d21d8d582c765222a9abeafaa1822b5":"","_pingme":"","_encloseme":"","_elementor_template_type":"wp-post","_elementor_version":"3.24.4","_elementor_pro_version":"3.24.2","_wp_old_date":"","nomeCategoria":["Comunica\u00e7\u00e3o em Sa\u00fade","Conass Debate"],"_links":{"self":[{"href":"https:\/\/www.conass.org.br\/biblioteca\/wp-json\/wp\/v2\/posts\/602"}],"collection":[{"href":"https:\/\/www.conass.org.br\/biblioteca\/wp-json\/wp\/v2\/posts"}],"about":[{"href":"https:\/\/www.conass.org.br\/biblioteca\/wp-json\/wp\/v2\/types\/post"}],"author":[{"embeddable":true,"href":"https:\/\/www.conass.org.br\/biblioteca\/wp-json\/wp\/v2\/users\/2"}],"replies":[{"embeddable":true,"href":"https:\/\/www.conass.org.br\/biblioteca\/wp-json\/wp\/v2\/comments?post=602"}],"version-history":[{"count":5,"href":"https:\/\/www.conass.org.br\/biblioteca\/wp-json\/wp\/v2\/posts\/602\/revisions"}],"predecessor-version":[{"id":12201,"href":"https:\/\/www.conass.org.br\/biblioteca\/wp-json\/wp\/v2\/posts\/602\/revisions\/12201"}],"wp:featuredmedia":[{"embeddable":true,"href":"https:\/\/www.conass.org.br\/biblioteca\/wp-json\/wp\/v2\/media\/9615"}],"wp:attachment":[{"href":"https:\/\/www.conass.org.br\/biblioteca\/wp-json\/wp\/v2\/media?parent=602"}],"wp:term":[{"taxonomy":"category","embeddable":true,"href":"https:\/\/www.conass.org.br\/biblioteca\/wp-json\/wp\/v2\/categories?post=602"},{"taxonomy":"post_tag","embeddable":true,"href":"https:\/\/www.conass.org.br\/biblioteca\/wp-json\/wp\/v2\/tags?post=602"}],"curies":[{"name":"wp","href":"https:\/\/api.w.org\/{rel}","templated":true}]}}