{"id":7411,"date":"2020-11-13T14:01:36","date_gmt":"2020-11-13T14:01:36","guid":{"rendered":"http:\/\/www.conass.org.br\/biblioteca\/?p=7411"},"modified":"2026-01-07T12:36:28","modified_gmt":"2026-01-07T15:36:28","slug":"o-enfrentamento-da-covid-19-nos-paises-da-comunidade-dos-paises-de-lingua-portuguesa-cplp","status":"publish","type":"post","link":"https:\/\/www.conass.org.br\/biblioteca\/o-enfrentamento-da-covid-19-nos-paises-da-comunidade-dos-paises-de-lingua-portuguesa-cplp\/","title":{"rendered":"O enfrentamento da COVID-19 nos pa\u00edses da Comunidade dos Pa\u00edses de L\u00edngua Portuguesa \u2013 CPLP"},"content":{"rendered":"<p>A presente publica\u00e7\u00e3o, a quinta da s\u00e9rie LEIASS (Linha Editorial Internacional de Apoio aos Sistemas de Sa\u00fade), do Conass e do Instituto de Higiene e Medicina Tropical da Universidade Nova de Lisboa, re\u00fane artigos oriundos de v\u00e1rios dos Estados-Membros da Comunidade de Pa\u00edses de L\u00edngua Portuguesa (CPLP). O intuito foi o de registrar como esses pa\u00edses enfrentaram a chamada primeira onda da Covid-19, na singularidade de seus respectivos contextos.<\/p>\n<p>Registra-se aqui um agradecimento muito especial aos doutores M\u00e1rio Fresta, Helga Freitas e T\u00e2nia Louren\u00e7o (<b>Angola<\/b>); Magda Robalo, Pl\u00e1cido Cardoso, Jamila Bathy, Joana Cortez e Rachel Schwartz (<b>Guin\u00e9-Bissau<\/b>); Mohsin Sidat e Ilesh Jani (<b>Mo\u00e7ambique<\/b>); Ant\u00f3nio Pedro Costa Delgado, Artur Jorge Correia, Maria da Luz Lima Mendon\u00e7a, Francisca Suassuna Freyre Monteiro (<b>Cabo Verde<\/b>); Jorge Sim\u00f5es, Andr\u00e9 Biscaia, Jo\u00e3o Paulo Magalh\u00e3es, Ant\u00f3nio Pereira, Gon\u00e7alo Figueiredo Augusto, In\u00eas Fronteira e Manuel Clarote Lap\u00e3o (<b>Portugal<\/b>); Fernando Passos Cupertino de Barros, Jurandi Frutuoso Silva e Nereu Henrique Mansano (<b>Brasil<\/b>) que aceitaram de muito bom grado o convite para contribuir para o prop\u00f3sito deste volume dedicado especialmente a documentar a atua\u00e7\u00e3o dos diferentes pa\u00edses diante da emerg\u00eancia internacional de sa\u00fade p\u00fablica provocada pela pandemia da covid-19. Infelizmente, a despeito dos esfor\u00e7os dos editores, n\u00e3o foi poss\u00edvel obter o contributo de S\u00e3o Tom\u00e9 e Pr\u00edncipe, da Guin\u00e9 Equatorial e de Timor Leste.<\/p>\n<p>Para al\u00e9m do registro das estrat\u00e9gias adotadas, das dificuldades enfrentadas e das perspectivas de uma pandemia ainda em curso, os textos servem, tamb\u00e9m, para evidenciar, como em um instant\u00e2neo, a imagem da situa\u00e7\u00e3o transcorrida desde o final do m\u00eas de fevereiro at\u00e9 o m\u00eas de setembro de 2020, data em que findou a coleta dos artigos. De tudo isso, espera-se que li\u00e7\u00f5es tenham sido aprendidas para que, tanto agora como no futuro, em situa\u00e7\u00f5es de similar gravidade, possam servir aos nossos sistemas de sa\u00fade como alavancas capazes de garantir as respostas adequadas e eficazes na prote\u00e7\u00e3o de toda a popula\u00e7\u00e3o.<\/p>\n","protected":false},"excerpt":{"rendered":"<p>A presente publica\u00e7\u00e3o, a quinta da s\u00e9rie LEIASS (Linha Editorial Internacional de Apoio aos Sistemas de Sa\u00fade), do Conass e do Instituto de Higiene e Medicina Tropical da Universidade Nova de Lisboa, re\u00fane artigos oriundos de v\u00e1rios dos Estados-Membros da Comunidade de Pa\u00edses de L\u00edngua Portuguesa (CPLP). O intuito foi o de registrar como esses [&hellip;]<\/p>\n","protected":false},"author":2,"featured_media":9606,"comment_status":"closed","ping_status":"closed","sticky":false,"template":"","format":"standard","meta":{"_acf_changed":false,"om_disable_all_campaigns":false,"_monsterinsights_skip_tracking":false,"_monsterinsights_sitenote_active":false,"_monsterinsights_sitenote_note":"","_monsterinsights_sitenote_category":0,"_jetpack_memberships_contains_paid_content":false,"isbn":"978-65-88631-06-5","doi":"10.29327\/561202","descritores":{"item-0":{"titulo-descritores":"Covid-19"},"item-1":{"titulo-descritores":"Pandemia"},"item-2":{"titulo-descritores":"Sa\u00fade P\u00fablica"}},"deseja-inserir-arquivos":"True","arquivos":{"item-0":{"nome-do-arquivo":"Covid-19 em Angola: do in\u00edcio \u00e0 circula\u00e7\u00e3o comunit\u00e1ria (Dados e Desafios)","_arquivo":"http:\/\/www.conass.org.br\/biblioteca\/wp-content\/uploads\/2020\/11\/L5-cp1.pdf"},"item-1":{"nome-do-arquivo":"Cabo Verde: a primeira onda covid-19 nos Estados-Membros da CPLP de mar\u00e7o a agosto de 2020","_arquivo":"http:\/\/www.conass.org.br\/biblioteca\/wp-content\/uploads\/2020\/11\/L5-cp2.pdf"},"item-2":{"nome-do-arquivo":"A Primeira Onda COVID-19 nos Estados Membros da CPLP: o caso da Guin\u00e9-Bissau","_arquivo":"http:\/\/www.conass.org.br\/biblioteca\/wp-content\/uploads\/2020\/11\/L5-cp3.pdf"},"item-3":{"nome-do-arquivo":"Pandemia da covid-19 em Mo\u00e7ambique: experi\u00eancias e desafios","_arquivo":"http:\/\/www.conass.org.br\/biblioteca\/wp-content\/uploads\/2020\/11\/L5-cp4.pdf"},"item-4":{"nome-do-arquivo":"As formas de organiza\u00e7\u00e3o do Estado em seis pa\u00edses da regi\u00e3o europeia, os modelos de sistemas de sa\u00fade e os resultados em sa\u00fade em resposta \u00e0 covid-19","_arquivo":"http:\/\/www.conass.org.br\/biblioteca\/wp-content\/uploads\/2020\/11\/L5-cp5.pdf"},"item-5":{"nome-do-arquivo":"A Agenda 2030 para o Desenvolvimento Sustent\u00e1vel no p\u00f3s-covid-19: exemplos para a CPLP","_arquivo":"http:\/\/www.conass.org.br\/biblioteca\/wp-content\/uploads\/2020\/11\/L5-cp6.pdf"},"item-6":{"nome-do-arquivo":"O Brasil e o enfrentamento da covid-19","_arquivo":"http:\/\/www.conass.org.br\/biblioteca\/wp-content\/uploads\/2020\/11\/L5-cap7.pdf"}},"_anopublicacao":"2020","footnotes":""},"categories":[496,461],"tags":[],"class_list":["post-7411","post","type-post","status-publish","format-standard","has-post-thumbnail","hentry","category-epidemiologia","category-linha-editorial-internacional-de-apoio-aos-sistemas-de-saude-leiass"],"acf":{"linkpdf":"https:\/\/www.conass.org.br\/biblioteca\/download\/7413\/","linkEbook":"https:\/\/www.conass.org.br\/biblioteca\/download\/7416\/","link_pdf_ingles":"","link_pdf_espanhol":""},"aioseo_notices":[],"jetpack_sharing_enabled":true,"jetpack_featured_media_url":"https:\/\/www.conass.org.br\/biblioteca\/wp-content\/uploads\/2020\/11\/o-enfrentamento-da-covid-19-nos-paises-da-comunidade-dos-paises-de-lingua-portuguesa.png","featured_media_details":{"url":"https:\/\/www.conass.org.br\/biblioteca\/wp-content\/uploads\/2020\/11\/o-enfrentamento-da-covid-19-nos-paises-da-comunidade-dos-paises-de-lingua-portuguesa.png","alt":"","title":"o-enfrentamento-da-covid-19-nos-paises-da-comunidade-dos-paises-de-lingua-portuguesa","caption":"","description":""},"name_descritores":["Covid-19","Pandemia","Sa\u00fade P\u00fablica"],"name_arquivos":[{"nome-do-arquivo":"Covid-19 em Angola: do in\u00edcio \u00e0 circula\u00e7\u00e3o comunit\u00e1ria (Dados e Desafios)","_arquivo":"http:\/\/www.conass.org.br\/biblioteca\/wp-content\/uploads\/2020\/11\/L5-cp1.pdf"},{"nome-do-arquivo":"Cabo Verde: a primeira onda covid-19 nos Estados-Membros da CPLP de mar\u00e7o a agosto de 2020","_arquivo":"http:\/\/www.conass.org.br\/biblioteca\/wp-content\/uploads\/2020\/11\/L5-cp2.pdf"},{"nome-do-arquivo":"A Primeira Onda COVID-19 nos Estados Membros da CPLP: o caso da Guin\u00e9-Bissau","_arquivo":"http:\/\/www.conass.org.br\/biblioteca\/wp-content\/uploads\/2020\/11\/L5-cp3.pdf"},{"nome-do-arquivo":"Pandemia da covid-19 em Mo\u00e7ambique: experi\u00eancias e desafios","_arquivo":"http:\/\/www.conass.org.br\/biblioteca\/wp-content\/uploads\/2020\/11\/L5-cp4.pdf"},{"nome-do-arquivo":"As formas de organiza\u00e7\u00e3o do Estado em seis pa\u00edses da regi\u00e3o europeia, os modelos de sistemas de sa\u00fade e os resultados em sa\u00fade em resposta \u00e0 covid-19","_arquivo":"http:\/\/www.conass.org.br\/biblioteca\/wp-content\/uploads\/2020\/11\/L5-cp5.pdf"},{"nome-do-arquivo":"A Agenda 2030 para o Desenvolvimento Sustent\u00e1vel no p\u00f3s-covid-19: exemplos para a CPLP","_arquivo":"http:\/\/www.conass.org.br\/biblioteca\/wp-content\/uploads\/2020\/11\/L5-cp6.pdf"},{"nome-do-arquivo":"O Brasil e o enfrentamento da covid-19","_arquivo":"http:\/\/www.conass.org.br\/biblioteca\/wp-content\/uploads\/2020\/11\/L5-cap7.pdf"}],"_wpas_done_all":"1","_fgj2wp_old_id":"","_jetpack_related_posts_cache":"","_edit_lock":"1767800315:123457","_edit_last":"123457","pdf":"","_pdf":"","_at_widget":"","_expiration-date-status":"","_last_editor_used_jetpack":"classic-editor","_thumbnail_id":"9606","_kksr_ratings":"","_kksr_casts":"","_kksr_ips":"","_kksr_avg":"","_yoast_wpseo_content_score":"30","linkpdf":"https:\/\/www.conass.org.br\/biblioteca\/download\/7413\/","_linkpdf":"field_5d5468dcb6b70","linkEbook":"https:\/\/www.conass.org.br\/biblioteca\/download\/7416\/","_linkEbook":"field_5d546905b6b71","_yoast_wpseo_primary_category":"461","_wp_page_template":"default","_yoast_wpseo_focuskw":"","_yoast_wpseo_linkdex":"","_yoast_wpseo_metadesc":"","_yoast_wpseo_title":"","om_disable_all_campaigns":"","_aioseo_title":"","_aioseo_description":"","_aioseo_keywords":[],"_aioseo_og_title":"","_aioseo_og_description":"","_aioseo_og_article_section":"","_aioseo_og_article_tags":[],"_aioseo_twitter_title":"","_aioseo_twitter_description":"","_wp_old_slug":"","_yoast_wpseo_estimated-reading-time-minutes":"","_yoast_wpseo_opengraph-title":"","_yoast_wpseo_opengraph-description":"","_yoast_wpseo_opengraph-image":"","_yoast_wpseo_opengraph-image-id":"","_pprredirect_active":"","_pprredirect_type":"","_pprredirect_url":"","_yoast_wpseo_wordproof_timestamp":"","_oembed_804a5f28813cadd985db7f58c401e70a":"","_oembed_2d21d8d582c765222a9abeafaa1822b5":"","_pingme":"","_encloseme":"","_elementor_template_type":"wp-post","_elementor_version":"3.24.4","_elementor_pro_version":"3.24.2","_wp_old_date":"","nomeCategoria":["Epidemiologia","Linha Editorial Internacional"],"_links":{"self":[{"href":"https:\/\/www.conass.org.br\/biblioteca\/wp-json\/wp\/v2\/posts\/7411"}],"collection":[{"href":"https:\/\/www.conass.org.br\/biblioteca\/wp-json\/wp\/v2\/posts"}],"about":[{"href":"https:\/\/www.conass.org.br\/biblioteca\/wp-json\/wp\/v2\/types\/post"}],"author":[{"embeddable":true,"href":"https:\/\/www.conass.org.br\/biblioteca\/wp-json\/wp\/v2\/users\/2"}],"replies":[{"embeddable":true,"href":"https:\/\/www.conass.org.br\/biblioteca\/wp-json\/wp\/v2\/comments?post=7411"}],"version-history":[{"count":3,"href":"https:\/\/www.conass.org.br\/biblioteca\/wp-json\/wp\/v2\/posts\/7411\/revisions"}],"predecessor-version":[{"id":9607,"href":"https:\/\/www.conass.org.br\/biblioteca\/wp-json\/wp\/v2\/posts\/7411\/revisions\/9607"}],"wp:featuredmedia":[{"embeddable":true,"href":"https:\/\/www.conass.org.br\/biblioteca\/wp-json\/wp\/v2\/media\/9606"}],"wp:attachment":[{"href":"https:\/\/www.conass.org.br\/biblioteca\/wp-json\/wp\/v2\/media?parent=7411"}],"wp:term":[{"taxonomy":"category","embeddable":true,"href":"https:\/\/www.conass.org.br\/biblioteca\/wp-json\/wp\/v2\/categories?post=7411"},{"taxonomy":"post_tag","embeddable":true,"href":"https:\/\/www.conass.org.br\/biblioteca\/wp-json\/wp\/v2\/tags?post=7411"}],"curies":[{"name":"wp","href":"https:\/\/api.w.org\/{rel}","templated":true}]}}