{"id":7864,"date":"2021-01-27T12:08:17","date_gmt":"2021-01-27T12:08:17","guid":{"rendered":"http:\/\/www.conass.org.br\/biblioteca\/?p=7864"},"modified":"2024-09-27T07:52:32","modified_gmt":"2024-09-27T10:52:32","slug":"volume-1-principais-elementos","status":"publish","type":"post","link":"https:\/\/www.conass.org.br\/biblioteca\/volume-1-principais-elementos\/","title":{"rendered":"Volume 1 &#8211; Principais Elementos"},"content":{"rendered":"<p>A Cole\u00e7\u00e3o COVID-19 persegue o desafio de apresentar quest\u00f5es relevantes para o debate e o aprendizado acerca da crise sanit\u00e1ria pand\u00eamica, que assola todo o planeta, desde dezembro de 2019. No Volume 1 &#8211; Principais Elementos &#8211; est\u00e3o reunidas diferentes interpreta\u00e7\u00f5es sobre\u00a0conte\u00fado fundamental que se relacionada com a pandemia e seu controle.<span style=\"color: #999999;\"><br \/>\n<\/span><\/p>\n<p>As posi\u00e7\u00f5es que referem o desenvolvimento humano, as desigualdades econ\u00f4micas, os alicerces democr\u00e1ticos, a participa\u00e7\u00e3o e a rela\u00e7\u00e3o entre os poderes institu\u00eddos s\u00e3o apresentadas previamente \u00e0quelas mais espec\u00edficas do controle das pandemias. A relev\u00e2ncia est\u00e1 na apresenta\u00e7\u00e3o de dados, posicionamentos e interpreta\u00e7\u00f5es acerca das manifesta\u00e7\u00f5es do judici\u00e1rio, legislativo e executivo.<\/p>\n<p>Os textos que dizem respeito ao Sistema \u00danico de Sa\u00fade (SUS), d\u00e3o \u00eanfase \u00e0 atua\u00e7\u00e3o dos conselhos representativos da gest\u00e3o dos entes subnacionais, \u00e0 for\u00e7a e import\u00e2ncia da vigil\u00e2ncia em sa\u00fade \u2013 quer em tempos de rotina, quer na excepcionalidade \u2013, \u00a0\u00e0s interven\u00e7\u00f5es em prol dos pacientes, sua seguran\u00e7a e avalia\u00e7\u00e3o.<\/p>\n<p>A reflex\u00e3o sobre a dor incomensur\u00e1vel pelas vidas perdidas foi apresentada pelo relato de iniciativa da sociedade civil, enquanto estudos e perspectivas relacionados \u00e0 imunidade e a imuniza\u00e7\u00e3o foram apresentados por especialistas.<\/p>\n<p>O volume se encerra ao debater as expectativas de incremento na participa\u00e7\u00e3o social e na diplomacia como forma de conferir desenvolvimento e sustentabilidade aos sistemas universais de sa\u00fade.<\/p>\n<p>Todos os textos, da lavra de estudiosos, profissionais e gestores experientes, foram mantidos integralmente conforme apresentados, ainda que porventura apresentem diverg\u00eancias quanto \u00e0s posi\u00e7\u00f5es oficiais do Conass. Possuem o cond\u00e3o de registrar fatos e evid\u00eancias, por pontos de vista de profissionais de v\u00e1rios campos do saber e, em que pese refletirem o momento hist\u00f3rico vivenciado at\u00e9 novembro de 2020, contribuir\u00e3o notadamente para a compreens\u00e3o e a an\u00e1lise da crise sanit\u00e1ria mais severa do \u00faltimo s\u00e9culo. Boa leitura!<\/p>\n","protected":false},"excerpt":{"rendered":"<p>A Cole\u00e7\u00e3o COVID-19 persegue o desafio de apresentar quest\u00f5es relevantes para o debate e o aprendizado acerca da crise sanit\u00e1ria pand\u00eamica, que assola todo o planeta, desde dezembro de 2019. No Volume 1 &#8211; Principais Elementos &#8211; est\u00e3o reunidas diferentes interpreta\u00e7\u00f5es sobre\u00a0conte\u00fado fundamental que se relacionada com a pandemia e seu controle. As posi\u00e7\u00f5es que [&hellip;]<\/p>\n","protected":false},"author":2,"featured_media":9374,"comment_status":"closed","ping_status":"open","sticky":false,"template":"","format":"standard","meta":{"_acf_changed":false,"om_disable_all_campaigns":false,"_monsterinsights_skip_tracking":false,"_monsterinsights_sitenote_active":false,"_monsterinsights_sitenote_note":"","_monsterinsights_sitenote_category":0,"_jetpack_memberships_contains_paid_content":false,"isbn":"","doi":"","descritores":"","deseja-inserir-arquivos":"False","arquivos":"","_anopublicacao":"2021","footnotes":""},"categories":[464,495],"tags":[],"class_list":["post-7864","post","type-post","status-publish","format-standard","has-post-thumbnail","hentry","category-colecao-covid-19","category-direito-sanitario"],"acf":{"linkpdf":"https:\/\/www.conass.org.br\/biblioteca\/download\/7865\/","linkEbook":"https:\/\/www.conass.org.br\/biblioteca\/download\/7924\/"},"aioseo_notices":[],"jetpack_sharing_enabled":true,"jetpack_featured_media_url":"https:\/\/www.conass.org.br\/biblioteca\/wp-content\/uploads\/2021\/01\/covid-19-vol-001.png","featured_media_details":{"url":"https:\/\/www.conass.org.br\/biblioteca\/wp-content\/uploads\/2021\/01\/covid-19-vol-001.png","alt":"","title":"covid-19-vol-001","caption":"","description":""},"name_descritores":[],"name_arquivos":[],"_wpas_done_all":"1","_fgj2wp_old_id":"","_jetpack_related_posts_cache":"","_edit_lock":"1727447636:2","_edit_last":"2","pdf":"","_pdf":"","_at_widget":"","_expiration-date-status":"","_last_editor_used_jetpack":"classic-editor","_thumbnail_id":"9374","_kksr_ratings":"","_kksr_casts":"","_kksr_ips":"","_kksr_avg":"","_yoast_wpseo_content_score":"30","linkpdf":"https:\/\/www.conass.org.br\/biblioteca\/download\/7865\/","_linkpdf":"field_5d5468dcb6b70","linkEbook":"https:\/\/www.conass.org.br\/biblioteca\/download\/7924\/","_linkEbook":"field_5d546905b6b71","_yoast_wpseo_primary_category":"464","_wp_page_template":"default","_yoast_wpseo_focuskw":"","_yoast_wpseo_linkdex":"","_yoast_wpseo_metadesc":"","_yoast_wpseo_title":"","om_disable_all_campaigns":"","_aioseo_title":"","_aioseo_description":"","_aioseo_keywords":[],"_aioseo_og_title":"","_aioseo_og_description":"","_aioseo_og_article_section":"","_aioseo_og_article_tags":[],"_aioseo_twitter_title":"","_aioseo_twitter_description":"","_wp_old_slug":"","_yoast_wpseo_estimated-reading-time-minutes":"2","_yoast_wpseo_opengraph-title":"","_yoast_wpseo_opengraph-description":"","_yoast_wpseo_opengraph-image":"","_yoast_wpseo_opengraph-image-id":"","_pprredirect_active":"","_pprredirect_type":"","_pprredirect_url":"","_yoast_wpseo_wordproof_timestamp":"","_oembed_804a5f28813cadd985db7f58c401e70a":"","_oembed_2d21d8d582c765222a9abeafaa1822b5":"","_pingme":"","_encloseme":"","_elementor_template_type":"wp-post","_elementor_version":"3.24.4","_elementor_pro_version":"3.24.2","_wp_old_date":"","nomeCategoria":["Cole\u00e7\u00e3o Covid-19","Direito Sanit\u00e1rio"],"_links":{"self":[{"href":"https:\/\/www.conass.org.br\/biblioteca\/wp-json\/wp\/v2\/posts\/7864"}],"collection":[{"href":"https:\/\/www.conass.org.br\/biblioteca\/wp-json\/wp\/v2\/posts"}],"about":[{"href":"https:\/\/www.conass.org.br\/biblioteca\/wp-json\/wp\/v2\/types\/post"}],"author":[{"embeddable":true,"href":"https:\/\/www.conass.org.br\/biblioteca\/wp-json\/wp\/v2\/users\/2"}],"replies":[{"embeddable":true,"href":"https:\/\/www.conass.org.br\/biblioteca\/wp-json\/wp\/v2\/comments?post=7864"}],"version-history":[{"count":5,"href":"https:\/\/www.conass.org.br\/biblioteca\/wp-json\/wp\/v2\/posts\/7864\/revisions"}],"predecessor-version":[{"id":8421,"href":"https:\/\/www.conass.org.br\/biblioteca\/wp-json\/wp\/v2\/posts\/7864\/revisions\/8421"}],"wp:featuredmedia":[{"embeddable":true,"href":"https:\/\/www.conass.org.br\/biblioteca\/wp-json\/wp\/v2\/media\/9374"}],"wp:attachment":[{"href":"https:\/\/www.conass.org.br\/biblioteca\/wp-json\/wp\/v2\/media?parent=7864"}],"wp:term":[{"taxonomy":"category","embeddable":true,"href":"https:\/\/www.conass.org.br\/biblioteca\/wp-json\/wp\/v2\/categories?post=7864"},{"taxonomy":"post_tag","embeddable":true,"href":"https:\/\/www.conass.org.br\/biblioteca\/wp-json\/wp\/v2\/tags?post=7864"}],"curies":[{"name":"wp","href":"https:\/\/api.w.org\/{rel}","templated":true}]}}