{"id":7890,"date":"2021-01-27T12:24:24","date_gmt":"2021-01-27T12:24:24","guid":{"rendered":"http:\/\/www.conass.org.br\/biblioteca\/?p=7890"},"modified":"2024-09-27T11:33:02","modified_gmt":"2024-09-27T14:33:02","slug":"volume-6-reflexoes-e-futuro","status":"publish","type":"post","link":"https:\/\/www.conass.org.br\/biblioteca\/volume-6-reflexoes-e-futuro\/","title":{"rendered":"Volume 6 \u2013 Reflex\u00f5es e Futuro"},"content":{"rendered":"<p>A partir dos desafi os para a efetiva\u00e7\u00e3o do direito \u00e0 sa\u00fade, o Volume 6 \u2013 Reflex\u00f5es e Futuro \u2013 apresenta debates relacionados \u00e0s quest\u00f5es ambientais, urbanas, das rela\u00e7\u00f5es humano-natureza, das arboviroses \u2013 que juntos \u00a0contribuem para a an\u00e1lise da conforma\u00e7\u00e3o do futuro p\u00f3s-pandemia. Nessa esteira seguem an\u00e1lises relacionadas \u00e0 sa\u00fade p\u00fablica, \u00e0 sociedade brasileira, \u00e0 infoestrutura como apoio \u00e0s decis\u00f5es estrat\u00e9gicas e a avalia\u00e7\u00e3o, como dispositivo potente para a gest\u00e3o.<\/p>\n<p>Ainda em sede de desafios, o livro aborda a Vigil\u00e2ncia Sanit\u00e1ria como elemento primordial para o enfrentamento das emerg\u00eancias em sa\u00fade p\u00fablica e nesse escopo se insere o Programa Nacional de Imuniza\u00e7\u00f5es (PNI), do Brasil.<\/p>\n<p>\u00c0 t\u00edtulos comparativos, h\u00e1 narrativas acerca do enfrentamento da pandemia nos pa\u00edses de l\u00edngua portuguesa, especialmente Portugal, bem como no Canad\u00e1 e no Quebec possibilitando aprendizados com as experi\u00eancias de outros sistemas universais.<\/p>\n<p>A abordagem acerca das pol\u00edticas governamentais de compras p\u00fablicas, da imagem do SUS nos contextos, nas narrativas e para as pessoas s\u00e3o encerradas com reflex\u00f5es sobre a cobertura sanit\u00e1ria enquanto valor e a reforma sanit\u00e1ria brasileira como necessidade atual.<\/p>\n<p>Ainda que esse levante editorial se encerre, por ora, no volume 6 da Cole\u00e7\u00e3o COVID-19, a pandemia continua e outros tantos elementos poder\u00e3o ser percebidos, contextualizados e merecer\u00e3o registro.<\/p>\n<p>O Conass envida agradecimentos aos que estiveram empenhados em registrar seus diferentes campos de observa\u00e7\u00e3o: gestores, auditores, ministros, m\u00e9dicos, pesquisadores, farma-c\u00eauticos, cientistas sociais, ju\u00edzes, antrop\u00f3logos, \u00a0promotores, advogados, cientistas de dados, administradores, professores, comunicadores e todos que contribu\u00edram com a an\u00e1lise e poss\u00edveis aperfei\u00e7oamentos da gest\u00e3o estadual do SUS no enfrentamento das emerg\u00eancias sanit\u00e1rias.<\/p>\n","protected":false},"excerpt":{"rendered":"<p>A partir dos desafi os para a efetiva\u00e7\u00e3o do direito \u00e0 sa\u00fade, o Volume 6 \u2013 Reflex\u00f5es e Futuro \u2013 apresenta debates relacionados \u00e0s quest\u00f5es ambientais, urbanas, das rela\u00e7\u00f5es humano-natureza, das arboviroses \u2013 que juntos \u00a0contribuem para a an\u00e1lise da conforma\u00e7\u00e3o do futuro p\u00f3s-pandemia. Nessa esteira seguem an\u00e1lises relacionadas \u00e0 sa\u00fade p\u00fablica, \u00e0 sociedade brasileira, [&hellip;]<\/p>\n","protected":false},"author":2,"featured_media":9592,"comment_status":"closed","ping_status":"open","sticky":false,"template":"","format":"standard","meta":{"_acf_changed":false,"om_disable_all_campaigns":false,"_monsterinsights_skip_tracking":false,"_monsterinsights_sitenote_active":false,"_monsterinsights_sitenote_note":"","_monsterinsights_sitenote_category":0,"_jetpack_memberships_contains_paid_content":false,"isbn":"","doi":"","descritores":"","deseja-inserir-arquivos":"False","arquivos":"","_anopublicacao":"2021","footnotes":""},"categories":[464,495],"tags":[],"class_list":["post-7890","post","type-post","status-publish","format-standard","has-post-thumbnail","hentry","category-colecao-covid-19","category-direito-sanitario"],"acf":{"linkpdf":"https:\/\/www.conass.org.br\/biblioteca\/download\/7889\/","linkEbook":"https:\/\/www.conass.org.br\/biblioteca\/download\/7941\/"},"aioseo_notices":[],"jetpack_sharing_enabled":true,"jetpack_featured_media_url":"https:\/\/www.conass.org.br\/biblioteca\/wp-content\/uploads\/2021\/01\/vol-006-reflexoes-e-futuro.png","featured_media_details":{"url":"https:\/\/www.conass.org.br\/biblioteca\/wp-content\/uploads\/2021\/01\/vol-006-reflexoes-e-futuro.png","alt":"","title":"vol-006-reflexoes-e-futuro","caption":"","description":""},"name_descritores":[],"name_arquivos":[],"_wpas_done_all":"1","_fgj2wp_old_id":"","_jetpack_related_posts_cache":"","_edit_lock":"1727447516:2","_edit_last":"2","pdf":"","_pdf":"","_at_widget":"","_expiration-date-status":"","_last_editor_used_jetpack":"classic-editor","_thumbnail_id":"9592","_kksr_ratings":"","_kksr_casts":"","_kksr_ips":"","_kksr_avg":"","_yoast_wpseo_content_score":"30","linkpdf":"https:\/\/www.conass.org.br\/biblioteca\/download\/7889\/","_linkpdf":"field_5d5468dcb6b70","linkEbook":"https:\/\/www.conass.org.br\/biblioteca\/download\/7941\/","_linkEbook":"field_5d546905b6b71","_yoast_wpseo_primary_category":"464","_wp_page_template":"default","_yoast_wpseo_focuskw":"","_yoast_wpseo_linkdex":"","_yoast_wpseo_metadesc":"","_yoast_wpseo_title":"","om_disable_all_campaigns":"","_aioseo_title":"","_aioseo_description":"","_aioseo_keywords":[],"_aioseo_og_title":"","_aioseo_og_description":"","_aioseo_og_article_section":"","_aioseo_og_article_tags":[],"_aioseo_twitter_title":"","_aioseo_twitter_description":"","_wp_old_slug":"","_yoast_wpseo_estimated-reading-time-minutes":"2","_yoast_wpseo_opengraph-title":"","_yoast_wpseo_opengraph-description":"","_yoast_wpseo_opengraph-image":"","_yoast_wpseo_opengraph-image-id":"","_pprredirect_active":"","_pprredirect_type":"","_pprredirect_url":"","_yoast_wpseo_wordproof_timestamp":"","_oembed_804a5f28813cadd985db7f58c401e70a":"","_oembed_2d21d8d582c765222a9abeafaa1822b5":"","_pingme":"","_encloseme":"","_elementor_template_type":"wp-post","_elementor_version":"3.24.4","_elementor_pro_version":"3.24.2","_wp_old_date":"","nomeCategoria":["Cole\u00e7\u00e3o Covid-19","Direito Sanit\u00e1rio"],"_links":{"self":[{"href":"https:\/\/www.conass.org.br\/biblioteca\/wp-json\/wp\/v2\/posts\/7890"}],"collection":[{"href":"https:\/\/www.conass.org.br\/biblioteca\/wp-json\/wp\/v2\/posts"}],"about":[{"href":"https:\/\/www.conass.org.br\/biblioteca\/wp-json\/wp\/v2\/types\/post"}],"author":[{"embeddable":true,"href":"https:\/\/www.conass.org.br\/biblioteca\/wp-json\/wp\/v2\/users\/2"}],"replies":[{"embeddable":true,"href":"https:\/\/www.conass.org.br\/biblioteca\/wp-json\/wp\/v2\/comments?post=7890"}],"version-history":[{"count":4,"href":"https:\/\/www.conass.org.br\/biblioteca\/wp-json\/wp\/v2\/posts\/7890\/revisions"}],"predecessor-version":[{"id":8426,"href":"https:\/\/www.conass.org.br\/biblioteca\/wp-json\/wp\/v2\/posts\/7890\/revisions\/8426"}],"wp:featuredmedia":[{"embeddable":true,"href":"https:\/\/www.conass.org.br\/biblioteca\/wp-json\/wp\/v2\/media\/9592"}],"wp:attachment":[{"href":"https:\/\/www.conass.org.br\/biblioteca\/wp-json\/wp\/v2\/media?parent=7890"}],"wp:term":[{"taxonomy":"category","embeddable":true,"href":"https:\/\/www.conass.org.br\/biblioteca\/wp-json\/wp\/v2\/categories?post=7890"},{"taxonomy":"post_tag","embeddable":true,"href":"https:\/\/www.conass.org.br\/biblioteca\/wp-json\/wp\/v2\/tags?post=7890"}],"curies":[{"name":"wp","href":"https:\/\/api.w.org\/{rel}","templated":true}]}}