{"id":7913,"date":"2021-02-08T13:26:28","date_gmt":"2021-02-08T13:26:28","guid":{"rendered":"https:\/\/www.conass.org.br\/biblioteca\/?p=7913"},"modified":"2024-09-27T11:33:17","modified_gmt":"2024-09-27T14:33:17","slug":"dialogos-continentais-sobre-comunicacao-em-saude-em-tempos-de-pandemia","status":"publish","type":"post","link":"https:\/\/www.conass.org.br\/biblioteca\/dialogos-continentais-sobre-comunicacao-em-saude-em-tempos-de-pandemia\/","title":{"rendered":"Di\u00e1logos continentais sobre comunica\u00e7\u00e3o em sa\u00fade em tempos de pandemia"},"content":{"rendered":"<p style=\"font-weight: 400;\">Esta publica\u00e7\u00e3o, a 6\u00aa da s\u00e9rie LEIASS (Linha Editorial Internacional de Apoio aos Sistemas de Sa\u00fade), \u00e9 fruto dos esfor\u00e7os conjuntos do Conselho Nacional de Secret\u00e1rios de Sa\u00fade do Brasil (CONASS) e do Instituto de Higiene e Medicina Tropical da Universidade Nova de Lisboa em reunir artigos de destacados autores, de diferentes pa\u00edses, sobre o importante tema da Comunica\u00e7\u00e3o em Sa\u00fade, nestes tempos de pandemia da Covid-19.<\/p>\n<p style=\"font-weight: 400;\">Al\u00e9m de autores do Brasil e Portugal, est\u00e3o tamb\u00e9m presentes neste volume artigos de especialistas do Canad\u00e1, Estados Unidos da Am\u00e9rica, Inglaterra, M\u00e9xico e Uruguai, a quem agradecemos o valioso contributo \u00e0 discuss\u00e3o. Um agradecimento especial deve ser feito \u00e0 Profa. Dra. Ana Val\u00e9ria Machado Mendon\u00e7a, da Universidade de Bras\u00edlia, que aceitou nosso convite para encarregar-se de organizar a presente obra.<\/p>\n<p style=\"font-weight: 400;\">H\u00e1 uma riqueza imensa de assuntos, que incluem a promo\u00e7\u00e3o da sa\u00fade; a revis\u00e3o sistem\u00e1tica sobre o processo de comunica\u00e7\u00e3o em sa\u00fade na vig\u00eancia da pandemia; a comunica\u00e7\u00e3o direcionada a povos ind\u00edgenas; as quest\u00f5es afetas \u00e0 sa\u00fade mental; a desinforma\u00e7\u00e3o e o papel da m\u00eddia, dentre outros.<\/p>\n<p style=\"font-weight: 400;\">Esperamos que a partilha de pontos de vista distintos, que envolvem realidades pr\u00f3prias a cada um desses pa\u00edses, possa auxiliar na compreens\u00e3o do que se tem assistido em n\u00edvel global em mat\u00e9ria de comunica\u00e7\u00e3o em sa\u00fade e suas repercuss\u00f5es no sucesso ou nas dificuldades enfrentadas face \u00e0 pandemia da Covid-19.<\/p>\n","protected":false},"excerpt":{"rendered":"<p>Esta publica\u00e7\u00e3o, a 6\u00aa da s\u00e9rie LEIASS (Linha Editorial Internacional de Apoio aos Sistemas de Sa\u00fade), \u00e9 fruto dos esfor\u00e7os conjuntos do Conselho Nacional de Secret\u00e1rios de Sa\u00fade do Brasil (CONASS) e do Instituto de Higiene e Medicina Tropical da Universidade Nova de Lisboa em reunir artigos de destacados autores, de diferentes pa\u00edses, sobre o [&hellip;]<\/p>\n","protected":false},"author":2,"featured_media":9601,"comment_status":"closed","ping_status":"open","sticky":false,"template":"","format":"standard","meta":{"_acf_changed":false,"om_disable_all_campaigns":false,"_monsterinsights_skip_tracking":false,"_monsterinsights_sitenote_active":false,"_monsterinsights_sitenote_note":"","_monsterinsights_sitenote_category":0,"_jetpack_memberships_contains_paid_content":false,"isbn":"978-65-88631-13-3","doi":"10.29327\/561168","descritores":{"item-0":{"titulo-descritores":"Covid-19"},"item-1":{"titulo-descritores":"Pandemia"},"item-2":{"titulo-descritores":"Sa\u00fade P\u00fablica"}},"deseja-inserir-arquivos":"True","arquivos":{"item-0":{"nome-do-arquivo":"Aten\u00e7\u00e3o \u00e0 sa\u00fade dos povos amer\u00edndios nas comunica\u00e7\u00f5es oficiais da SES-AM sobre Covid-19 no Instagram","_arquivo":"http:\/\/www.conass.org.br\/biblioteca\/wp-content\/uploads\/2021\/02\/L6-cap2.pdf"},"item-1":{"nome-do-arquivo":"Conversa Saud\u00e1vel: abordagens sobre novo coronav\u00edrus e sa\u00fade mental na r\u00e1dio CBN Jo\u00e3o Pessoa","_arquivo":"http:\/\/www.conass.org.br\/biblioteca\/wp-content\/uploads\/2021\/02\/L6-cap3.pdf"},"item-2":{"nome-do-arquivo":"Promo\u00e7\u00e3o da Sa\u00fade frente \u00e0 Pandemia de Covid-19: an\u00e1lise das estrat\u00e9gias utilizadas em pa\u00edses selecionados","_arquivo":"http:\/\/www.conass.org.br\/biblioteca\/wp-content\/uploads\/2021\/02\/L6-cap4.pdf"},"item-3":{"nome-do-arquivo":"Falsas Narrativas da Pandemia no Brasil: desinforma\u00e7\u00e3o na p\u00e1gina do Minist\u00e9rio da Sa\u00fade e checadores","_arquivo":"http:\/\/www.conass.org.br\/biblioteca\/wp-content\/uploads\/2021\/02\/L6-cp5.pdf"},"item-4":{"nome-do-arquivo":"Qualidade da informa\u00e7\u00e3o em sa\u00fade na web na pandemia: uma an\u00e1lise de sites institucionais","_arquivo":"http:\/\/www.conass.org.br\/biblioteca\/wp-content\/uploads\/2021\/02\/L6-cap6.pdf"},"item-5":{"nome-do-arquivo":"Tempos de pandemia pedem novas pr\u00e1ticas de comunica\u00e7\u00e3o no trabalho dos Agentes Comunit\u00e1rios de Sa\u00fade","_arquivo":"http:\/\/www.conass.org.br\/biblioteca\/wp-content\/uploads\/2021\/02\/L6-cap7.pdf"},"item-6":{"nome-do-arquivo":"Signos televisivos uruguaios na era da covid-19","_arquivo":"http:\/\/www.conass.org.br\/biblioteca\/wp-content\/uploads\/2021\/02\/L6-cap8.pdf"},"item-7":{"nome-do-arquivo":"Comunica\u00e7\u00e3o de risco em sa\u00fade da covid-19 na difus\u00e3o institucional na rede social digital Facebook","_arquivo":"http:\/\/www.conass.org.br\/biblioteca\/wp-content\/uploads\/2021\/02\/L6-cap9.pdf"},"item-8":{"nome-do-arquivo":"Desafios e oportunidades para aumentar a vacina\u00e7\u00e3o contra a gripe entre enfermeiras no Canad\u00e1: uma an\u00e1lise comunicacional \u00e0 luz do surgimento da pandemia de covid-19","_arquivo":"http:\/\/www.conass.org.br\/biblioteca\/wp-content\/uploads\/2021\/02\/L6-cap10.pdf"},"item-9":{"nome-do-arquivo":"A pandemia de Covid-19 na televis\u00e3o e as estrat\u00e9gias de comunica\u00e7\u00e3o de sa\u00fade p\u00fablica em Portugal","_arquivo":"http:\/\/www.conass.org.br\/biblioteca\/wp-content\/uploads\/2021\/02\/L6-cap11.pdf"},"item-10":{"nome-do-arquivo":"Desinforma\u00e7\u00e3o sobre a covid-19: impactos, desafios e respostas para a Sa\u00fade P\u00fablica","_arquivo":"http:\/\/www.conass.org.br\/biblioteca\/wp-content\/uploads\/2021\/02\/L6-cap12.pdf"}},"_anopublicacao":"2021","footnotes":""},"categories":[494,461],"tags":[],"class_list":["post-7913","post","type-post","status-publish","format-standard","has-post-thumbnail","hentry","category-comunicacao-em-saude","category-linha-editorial-internacional-de-apoio-aos-sistemas-de-saude-leiass"],"acf":{"linkpdf":"https:\/\/www.conass.org.br\/biblioteca\/download\/7906\/","linkEbook":"https:\/\/www.conass.org.br\/biblioteca\/download\/9272\/?tmstv=1719839817"},"aioseo_notices":[],"jetpack_sharing_enabled":true,"jetpack_featured_media_url":"https:\/\/www.conass.org.br\/biblioteca\/wp-content\/uploads\/2021\/02\/dialogos-continentais-sobre-a-comunicacao-em-saude-em-tempos-de-pandemia-leiass-06.png","featured_media_details":{"url":"https:\/\/www.conass.org.br\/biblioteca\/wp-content\/uploads\/2021\/02\/dialogos-continentais-sobre-a-comunicacao-em-saude-em-tempos-de-pandemia-leiass-06.png","alt":"","title":"dialogos-continentais-sobre-a-comunicacao-em-saude-em-tempos-de-pandemia-leiass-06","caption":"","description":""},"name_descritores":["Covid-19","Pandemia","Sa\u00fade P\u00fablica"],"name_arquivos":[{"nome-do-arquivo":"Aten\u00e7\u00e3o \u00e0 sa\u00fade dos povos amer\u00edndios nas comunica\u00e7\u00f5es oficiais da SES-AM sobre Covid-19 no Instagram","_arquivo":"http:\/\/www.conass.org.br\/biblioteca\/wp-content\/uploads\/2021\/02\/L6-cap2.pdf"},{"nome-do-arquivo":"Conversa Saud\u00e1vel: abordagens sobre novo coronav\u00edrus e sa\u00fade mental na r\u00e1dio CBN Jo\u00e3o Pessoa","_arquivo":"http:\/\/www.conass.org.br\/biblioteca\/wp-content\/uploads\/2021\/02\/L6-cap3.pdf"},{"nome-do-arquivo":"Promo\u00e7\u00e3o da Sa\u00fade frente \u00e0 Pandemia de Covid-19: an\u00e1lise das estrat\u00e9gias utilizadas em pa\u00edses selecionados","_arquivo":"http:\/\/www.conass.org.br\/biblioteca\/wp-content\/uploads\/2021\/02\/L6-cap4.pdf"},{"nome-do-arquivo":"Falsas Narrativas da Pandemia no Brasil: desinforma\u00e7\u00e3o na p\u00e1gina do Minist\u00e9rio da Sa\u00fade e checadores","_arquivo":"http:\/\/www.conass.org.br\/biblioteca\/wp-content\/uploads\/2021\/02\/L6-cp5.pdf"},{"nome-do-arquivo":"Qualidade da informa\u00e7\u00e3o em sa\u00fade na web na pandemia: uma an\u00e1lise de sites institucionais","_arquivo":"http:\/\/www.conass.org.br\/biblioteca\/wp-content\/uploads\/2021\/02\/L6-cap6.pdf"},{"nome-do-arquivo":"Tempos de pandemia pedem novas pr\u00e1ticas de comunica\u00e7\u00e3o no trabalho dos Agentes Comunit\u00e1rios de Sa\u00fade","_arquivo":"http:\/\/www.conass.org.br\/biblioteca\/wp-content\/uploads\/2021\/02\/L6-cap7.pdf"},{"nome-do-arquivo":"Signos televisivos uruguaios na era da covid-19","_arquivo":"http:\/\/www.conass.org.br\/biblioteca\/wp-content\/uploads\/2021\/02\/L6-cap8.pdf"},{"nome-do-arquivo":"Comunica\u00e7\u00e3o de risco em sa\u00fade da covid-19 na difus\u00e3o institucional na rede social digital Facebook","_arquivo":"http:\/\/www.conass.org.br\/biblioteca\/wp-content\/uploads\/2021\/02\/L6-cap9.pdf"},{"nome-do-arquivo":"Desafios e oportunidades para aumentar a vacina\u00e7\u00e3o contra a gripe entre enfermeiras no Canad\u00e1: uma an\u00e1lise comunicacional \u00e0 luz do surgimento da pandemia de covid-19","_arquivo":"http:\/\/www.conass.org.br\/biblioteca\/wp-content\/uploads\/2021\/02\/L6-cap10.pdf"},{"nome-do-arquivo":"A pandemia de Covid-19 na televis\u00e3o e as estrat\u00e9gias de comunica\u00e7\u00e3o de sa\u00fade p\u00fablica em Portugal","_arquivo":"http:\/\/www.conass.org.br\/biblioteca\/wp-content\/uploads\/2021\/02\/L6-cap11.pdf"},{"nome-do-arquivo":"Desinforma\u00e7\u00e3o sobre a covid-19: impactos, desafios e respostas para a Sa\u00fade P\u00fablica","_arquivo":"http:\/\/www.conass.org.br\/biblioteca\/wp-content\/uploads\/2021\/02\/L6-cap12.pdf"}],"_wpas_done_all":"1","_fgj2wp_old_id":"","_jetpack_related_posts_cache":"","_edit_lock":"1727447517:2","_edit_last":"2","pdf":"","_pdf":"","_at_widget":"","_expiration-date-status":"","_last_editor_used_jetpack":"classic-editor","_thumbnail_id":"9601","_kksr_ratings":"","_kksr_casts":"","_kksr_ips":"","_kksr_avg":"","_yoast_wpseo_content_score":"30","linkpdf":"https:\/\/www.conass.org.br\/biblioteca\/download\/7906\/","_linkpdf":"field_5d5468dcb6b70","linkEbook":"https:\/\/www.conass.org.br\/biblioteca\/download\/9272\/?tmstv=1719839817","_linkEbook":"field_5d546905b6b71","_yoast_wpseo_primary_category":"461","_wp_page_template":"default","_yoast_wpseo_focuskw":"","_yoast_wpseo_linkdex":"","_yoast_wpseo_metadesc":"","_yoast_wpseo_title":"","om_disable_all_campaigns":"","_aioseo_title":"","_aioseo_description":"","_aioseo_keywords":[],"_aioseo_og_title":"","_aioseo_og_description":"","_aioseo_og_article_section":"","_aioseo_og_article_tags":[],"_aioseo_twitter_title":"","_aioseo_twitter_description":"","_wp_old_slug":"","_yoast_wpseo_estimated-reading-time-minutes":"2","_yoast_wpseo_opengraph-title":"","_yoast_wpseo_opengraph-description":"","_yoast_wpseo_opengraph-image":"","_yoast_wpseo_opengraph-image-id":"","_pprredirect_active":"","_pprredirect_type":"","_pprredirect_url":"","_yoast_wpseo_wordproof_timestamp":"","_oembed_804a5f28813cadd985db7f58c401e70a":"","_oembed_2d21d8d582c765222a9abeafaa1822b5":"","_pingme":"","_encloseme":"","_elementor_template_type":"wp-post","_elementor_version":"3.24.4","_elementor_pro_version":"3.24.2","_wp_old_date":"","nomeCategoria":["Comunica\u00e7\u00e3o em Sa\u00fade","Linha Editorial Internacional"],"_links":{"self":[{"href":"https:\/\/www.conass.org.br\/biblioteca\/wp-json\/wp\/v2\/posts\/7913"}],"collection":[{"href":"https:\/\/www.conass.org.br\/biblioteca\/wp-json\/wp\/v2\/posts"}],"about":[{"href":"https:\/\/www.conass.org.br\/biblioteca\/wp-json\/wp\/v2\/types\/post"}],"author":[{"embeddable":true,"href":"https:\/\/www.conass.org.br\/biblioteca\/wp-json\/wp\/v2\/users\/2"}],"replies":[{"embeddable":true,"href":"https:\/\/www.conass.org.br\/biblioteca\/wp-json\/wp\/v2\/comments?post=7913"}],"version-history":[{"count":3,"href":"https:\/\/www.conass.org.br\/biblioteca\/wp-json\/wp\/v2\/posts\/7913\/revisions"}],"predecessor-version":[{"id":9278,"href":"https:\/\/www.conass.org.br\/biblioteca\/wp-json\/wp\/v2\/posts\/7913\/revisions\/9278"}],"wp:featuredmedia":[{"embeddable":true,"href":"https:\/\/www.conass.org.br\/biblioteca\/wp-json\/wp\/v2\/media\/9601"}],"wp:attachment":[{"href":"https:\/\/www.conass.org.br\/biblioteca\/wp-json\/wp\/v2\/media?parent=7913"}],"wp:term":[{"taxonomy":"category","embeddable":true,"href":"https:\/\/www.conass.org.br\/biblioteca\/wp-json\/wp\/v2\/categories?post=7913"},{"taxonomy":"post_tag","embeddable":true,"href":"https:\/\/www.conass.org.br\/biblioteca\/wp-json\/wp\/v2\/tags?post=7913"}],"curies":[{"name":"wp","href":"https:\/\/api.w.org\/{rel}","templated":true}]}}