{"id":8286,"date":"2021-09-29T15:28:15","date_gmt":"2021-09-29T15:28:15","guid":{"rendered":"https:\/\/www.conass.org.br\/biblioteca\/?p=8286"},"modified":"2026-01-07T12:35:18","modified_gmt":"2026-01-07T15:35:18","slug":"judicializacao-reflexoes-com-base-na-agenda-da-gestao-estadual-do-sus","status":"publish","type":"post","link":"https:\/\/www.conass.org.br\/biblioteca\/judicializacao-reflexoes-com-base-na-agenda-da-gestao-estadual-do-sus\/","title":{"rendered":"Judicializa\u00e7\u00e3o: Reflex\u00f5es com Base na Agenda da Gest\u00e3o Estadual do SUS"},"content":{"rendered":"<p>\u00c9\u00a0miss\u00e3o do Conass a produ\u00e7\u00e3o e a difus\u00e3o de conhecimento de interesse da sa\u00fade p\u00fablica, em especial sob o ponto de vista da gest\u00e3o estadual do SUS, motivo pelo qual vem incrementando sua linha editorial executada em parceria com diferentes institui\u00e7\u00f5es do meio acad\u00eamico. Nesse contexto \u00e9 que se insere a presente publica\u00e7\u00e3o.<br \/>\n\u00c9 tornada p\u00fablica para apresentar resultados de pesquisa realizada pela Universidade Federal da Para\u00edba (UFPB), por seu Programa de Inicia\u00e7\u00e3o Cient\u00edfica \u00a0que teve por objetivo identificar, seja pelos planos de sa\u00fade, seja pelos portais eletr\u00f4nicos das Secretarias Estaduais de Sa\u00fade e do Distrito Federal (SES) com vistas a identificar elementos centrais acerca do fen\u00f4meno da judicializa\u00e7\u00e3o.<br \/>\nSua elabora\u00e7\u00e3o \u00e9 de exclusiva responsabilidade dos participantes da pesquisa e apresenta aos leitores: (i) m\u00e9todos; (ii) resultados obtidos a partir de revis\u00e3o de literatura e an\u00e1lise de planos estaduais de sa\u00fade; e (iii) achados pertinentes \u00e0s an\u00e1lises dos portais eletr\u00f4nicos da gest\u00e3o estadual do SUS. Os textos, da lavra de professores especialistas e alunos que se debru\u00e7aram sobre o tema, em que pese estarem relacionados \u00e0 gest\u00e3o executiva anterior, registram importantes dados para an\u00e1lise pret\u00e9rita e prospec\u00e7\u00e3o para a tomada de decis\u00e3o e incrementos de a\u00e7\u00f5es de planejamento e comunicacionais.<br \/>\nO volume se encerra ao reconhecer que o fen\u00f4meno da judicializa\u00e7\u00e3o \u00e9 multifacetado e deve contar com estudos aprofundados e que sejam pautados pelo compromisso com o desenvolvimento e sustentabilidade aos sistemas universais de sa\u00fade.<\/p>\n","protected":false},"excerpt":{"rendered":"<p>\u00c9\u00a0miss\u00e3o do Conass a produ\u00e7\u00e3o e a difus\u00e3o de conhecimento de interesse da sa\u00fade p\u00fablica, em especial sob o ponto de vista da gest\u00e3o estadual do SUS, motivo pelo qual vem incrementando sua linha editorial executada em parceria com diferentes institui\u00e7\u00f5es do meio acad\u00eamico. Nesse contexto \u00e9 que se insere a presente publica\u00e7\u00e3o. \u00c9 tornada [&hellip;]<\/p>\n","protected":false},"author":2,"featured_media":9653,"comment_status":"closed","ping_status":"closed","sticky":false,"template":"","format":"standard","meta":{"_acf_changed":false,"om_disable_all_campaigns":false,"_monsterinsights_skip_tracking":false,"_monsterinsights_sitenote_active":false,"_monsterinsights_sitenote_note":"","_monsterinsights_sitenote_category":0,"_jetpack_memberships_contains_paid_content":false,"isbn":"","doi":"","descritores":"","deseja-inserir-arquivos":"False","arquivos":"","_anopublicacao":"2021","footnotes":""},"categories":[495,457],"tags":[],"class_list":["post-8286","post","type-post","status-publish","format-standard","has-post-thumbnail","hentry","category-direito-sanitario","category-publicacoes-em-parceria"],"acf":{"linkpdf":"https:\/\/www.conass.org.br\/biblioteca\/download\/8282\/","linkEbook":"https:\/\/www.conass.org.br\/biblioteca\/download\/9312\/?tmstv=1719841183","link_pdf_ingles":"","link_pdf_espanhol":""},"aioseo_notices":[],"jetpack_sharing_enabled":true,"jetpack_featured_media_url":"https:\/\/www.conass.org.br\/biblioteca\/wp-content\/uploads\/2021\/09\/judicializacao-reflexoes-com-base-na-agenda-da-gestao-estadual-do-sus.png","featured_media_details":{"url":"https:\/\/www.conass.org.br\/biblioteca\/wp-content\/uploads\/2021\/09\/judicializacao-reflexoes-com-base-na-agenda-da-gestao-estadual-do-sus.png","alt":"","title":"judicializacao-reflexoes-com-base-na-agenda-da-gestao-estadual-do-sus","caption":"","description":""},"name_descritores":[],"name_arquivos":[],"_wpas_done_all":"","_fgj2wp_old_id":"","_jetpack_related_posts_cache":"","_edit_lock":"1767800286:123457","_edit_last":"123457","pdf":"","_pdf":"","_at_widget":"","_expiration-date-status":"","_last_editor_used_jetpack":"classic-editor","_thumbnail_id":"9653","_kksr_ratings":"","_kksr_casts":"","_kksr_ips":"","_kksr_avg":"","_yoast_wpseo_content_score":"","linkpdf":"https:\/\/www.conass.org.br\/biblioteca\/download\/8282\/","_linkpdf":"field_5d5468dcb6b70","linkEbook":"https:\/\/www.conass.org.br\/biblioteca\/download\/9312\/?tmstv=1719841183","_linkEbook":"field_5d546905b6b71","_yoast_wpseo_primary_category":"","_wp_page_template":"default","_yoast_wpseo_focuskw":"","_yoast_wpseo_linkdex":"","_yoast_wpseo_metadesc":"","_yoast_wpseo_title":"","om_disable_all_campaigns":"","_aioseo_title":"","_aioseo_description":"","_aioseo_keywords":[],"_aioseo_og_title":"","_aioseo_og_description":"","_aioseo_og_article_section":"","_aioseo_og_article_tags":[],"_aioseo_twitter_title":"","_aioseo_twitter_description":"","_wp_old_slug":"","_yoast_wpseo_estimated-reading-time-minutes":"","_yoast_wpseo_opengraph-title":"","_yoast_wpseo_opengraph-description":"","_yoast_wpseo_opengraph-image":"","_yoast_wpseo_opengraph-image-id":"","_pprredirect_active":"","_pprredirect_type":"","_pprredirect_url":"","_yoast_wpseo_wordproof_timestamp":"","_oembed_804a5f28813cadd985db7f58c401e70a":"","_oembed_2d21d8d582c765222a9abeafaa1822b5":"","_pingme":"","_encloseme":"","_elementor_template_type":"wp-post","_elementor_version":"3.24.4","_elementor_pro_version":"3.24.2","_wp_old_date":"","nomeCategoria":["Direito Sanit\u00e1rio","Publica\u00e7\u00f5es em parceria"],"_links":{"self":[{"href":"https:\/\/www.conass.org.br\/biblioteca\/wp-json\/wp\/v2\/posts\/8286"}],"collection":[{"href":"https:\/\/www.conass.org.br\/biblioteca\/wp-json\/wp\/v2\/posts"}],"about":[{"href":"https:\/\/www.conass.org.br\/biblioteca\/wp-json\/wp\/v2\/types\/post"}],"author":[{"embeddable":true,"href":"https:\/\/www.conass.org.br\/biblioteca\/wp-json\/wp\/v2\/users\/2"}],"replies":[{"embeddable":true,"href":"https:\/\/www.conass.org.br\/biblioteca\/wp-json\/wp\/v2\/comments?post=8286"}],"version-history":[{"count":3,"href":"https:\/\/www.conass.org.br\/biblioteca\/wp-json\/wp\/v2\/posts\/8286\/revisions"}],"predecessor-version":[{"id":9315,"href":"https:\/\/www.conass.org.br\/biblioteca\/wp-json\/wp\/v2\/posts\/8286\/revisions\/9315"}],"wp:featuredmedia":[{"embeddable":true,"href":"https:\/\/www.conass.org.br\/biblioteca\/wp-json\/wp\/v2\/media\/9653"}],"wp:attachment":[{"href":"https:\/\/www.conass.org.br\/biblioteca\/wp-json\/wp\/v2\/media?parent=8286"}],"wp:term":[{"taxonomy":"category","embeddable":true,"href":"https:\/\/www.conass.org.br\/biblioteca\/wp-json\/wp\/v2\/categories?post=8286"},{"taxonomy":"post_tag","embeddable":true,"href":"https:\/\/www.conass.org.br\/biblioteca\/wp-json\/wp\/v2\/tags?post=8286"}],"curies":[{"name":"wp","href":"https:\/\/api.w.org\/{rel}","templated":true}]}}