{"id":8485,"date":"2023-02-15T07:18:21","date_gmt":"2023-02-15T07:18:21","guid":{"rendered":"https:\/\/www.conass.org.br\/biblioteca\/?p=8485"},"modified":"2024-09-27T13:27:19","modified_gmt":"2024-09-27T16:27:19","slug":"saude-sociedade-e-meio-ambiente-ensaios-preliminares","status":"publish","type":"post","link":"https:\/\/www.conass.org.br\/biblioteca\/saude-sociedade-e-meio-ambiente-ensaios-preliminares\/","title":{"rendered":"Sa\u00fade, Sociedade e Meio Ambiente:  ensaios preliminares"},"content":{"rendered":"<p><span style=\"font-weight: 400;\">O momento em que se intensifica o debate mundial em torno da Agenda 2030 e os Objetivos do Desenvolvimento Sustent\u00e1vel (ODS) coincide com a ocorr\u00eancia de pandemias que v\u00eam causando graves danos em todo o mundo e desafiam a humanidade sobre o modo de como enfrent\u00e1-las, al\u00e9m de obrigar-nos a refletir e a agir rapidamente sobre suas causas e consequ\u00eancias. Elas chegam em um cen\u00e1rio mundial em que as pessoas conhecem e vivenciam, cada vez mais de perto, os efeitos nefastos de suas a\u00e7\u00f5es sobre o ambiente em que vivem. A\u00e7\u00f5es e modos de vida que resultam em desigualdades estruturais, explora\u00e7\u00e3o econ\u00f4mica, migra\u00e7\u00e3o crescente, mudan\u00e7as clim\u00e1ticas e perda de biodiversidade, e at\u00e9 mesmo crimes ambientais.<\/span><\/p>\n<p><span style=\"font-weight: 400;\">Nesse contexto, movimentos fortes e determinados devem revestir-se de car\u00e1ter imediato na busca pela transforma\u00e7\u00e3o das sociedades, das economias e da rela\u00e7\u00e3o humana com o meio ambiente. Por outro lado, as interven\u00e7\u00f5es transformadoras, sejam elas pol\u00edticas ou program\u00e1ticas, necessitam ser avaliadas por meio de abordagens tamb\u00e9m abrangentes e, portanto, comprometidas com a an\u00e1lise dos seus efeitos sobre a sa\u00fade, a economia, a cultura e o meio ambiente, considerando igualmente os ciclos demogr\u00e1ficos em diferentes regi\u00f5es do mundo.<\/span><\/p>\n<p><span style=\"font-weight: 400;\">Atentos a esse cen\u00e1rio de transforma\u00e7\u00f5es necess\u00e1rias \u00e0s interven\u00e7\u00f5es, entre as quais devem estar inclu\u00eddas investiga\u00e7\u00f5es e avalia\u00e7\u00f5es da sua implementa\u00e7\u00e3o e efetividade, a Linha Editorial Internacional de Apoio aos Sistemas de Sa\u00fade \u2013 LEIASS apresenta a seus leitores uma contribui\u00e7\u00e3o para o amadurecimento dessas diretrizes. Esperamos, por meio desta publica\u00e7\u00e3o, voltada \u00e0 divulga\u00e7\u00e3o de ensaios te\u00f3ricos e proposi\u00e7\u00f5es metodol\u00f3gicas, que ela contribua para a concilia\u00e7\u00e3o e a integra\u00e7\u00e3o de dimens\u00f5es aparentemente desconexas dessas a\u00e7\u00f5es e que, diante da complexidade dos desafios nacionais e globais, ilumine esse debate.\u00a0<\/span><\/p>\n<p><span style=\"font-weight: 400;\">Esta edi\u00e7\u00e3o \u00e9, portanto, composta por textos de colaboradores, docentes e pesquisadores, que apresentam ensaios, reflex\u00f5es e estudos relativos \u00e0 sa\u00fade global e \u00e0s inter-rela\u00e7\u00f5es estabelecidas entre o modo de viver das sociedades e os sistemas naturais. Ainda, abordam interven\u00e7\u00f5es cujas perguntas avaliativas demonstram a amplitude e a abrang\u00eancia que consideram a complexidade de suas dimens\u00f5es.<\/span><\/p>\n","protected":false},"excerpt":{"rendered":"<p>O momento em que se intensifica o debate mundial em torno da Agenda 2030 e os Objetivos do Desenvolvimento Sustent\u00e1vel (ODS) coincide com a ocorr\u00eancia de pandemias que v\u00eam causando graves danos em todo o mundo e desafiam a humanidade sobre o modo de como enfrent\u00e1-las, al\u00e9m de obrigar-nos a refletir e a agir rapidamente [&hellip;]<\/p>\n","protected":false},"author":2,"featured_media":9609,"comment_status":"closed","ping_status":"open","sticky":false,"template":"","format":"standard","meta":{"_acf_changed":false,"om_disable_all_campaigns":false,"_monsterinsights_skip_tracking":false,"_monsterinsights_sitenote_active":false,"_monsterinsights_sitenote_note":"","_monsterinsights_sitenote_category":0,"_jetpack_memberships_contains_paid_content":false,"isbn":"978-65-88631-29-4","doi":"10.29327\/5389244","descritores":{"item-0":{"titulo-descritores":"Desenvolvimento Sustent\u00e1vel"},"item-1":{"titulo-descritores":"Sistema \u00danico de Sa\u00fade"},"item-2":{"titulo-descritores":"Sa\u00fade P\u00fablica"}},"deseja-inserir-arquivos":"True","arquivos":{"item-0":{"nome-do-arquivo":"Meio Ambiente e Sustentabilidade: interesses da pol\u00edtica p\u00fablica de sa\u00fade na atua\u00e7\u00e3o do Poder Legislativo no Brasil","_arquivo":"http:\/\/www.conass.org.br\/biblioteca\/wp-content\/uploads\/2023\/02\/L10-Cap1.pdf"},"item-1":{"nome-do-arquivo":"Sa\u00fade global, bio\u00e9tica e direito humano \u00e0 \u00e1gua: reflex\u00f5es necess\u00e1rias \u00e0 sa\u00fade coletiva","_arquivo":"http:\/\/www.conass.org.br\/biblioteca\/wp-content\/uploads\/2023\/02\/L10-Cap2.pdf"},"item-2":{"nome-do-arquivo":"Uma iniciativa de avalia\u00e7\u00e3o da qualidade da informa\u00e7\u00e3o em sites de sa\u00fade: m\u00e9ritos e percal\u00e7os","_arquivo":"http:\/\/www.conass.org.br\/biblioteca\/wp-content\/uploads\/2023\/02\/L10-Cap3.pdf"},"item-3":{"nome-do-arquivo":"Determinantes sociais da sa\u00fade e o processo de envelhecimento no nordeste brasileiro: resultados do LEFIG-UFRN","_arquivo":"http:\/\/www.conass.org.br\/biblioteca\/wp-content\/uploads\/2023\/02\/L10-Cap4.pdf"},"item-4":{"nome-do-arquivo":"Mortalidade em munic\u00edpios da Bacia do Paraopeba, Minas Gerais, pr\u00e9via ao desastre ambiental e compromissos de desenvolvimento sustent\u00e1vel","_arquivo":"http:\/\/www.conass.org.br\/biblioteca\/wp-content\/uploads\/2023\/02\/L10-Cap5.pdf"},"item-5":{"nome-do-arquivo":"Estudo de avaliabilidade do Plano Nacional de Gest\u00e3o de Res\u00edduos Hospitalares 2021-2025, Cabo Verde","_arquivo":"http:\/\/www.conass.org.br\/biblioteca\/wp-content\/uploads\/2023\/02\/L10-Cap6.pdf"},"item-6":{"nome-do-arquivo":"A Gest\u00e3o da Qualidade na era digital: reflex\u00f5es no processo farmac\u00eautico de um Laborat\u00f3rio de Desenvolvimento Anal\u00edtico","_arquivo":"http:\/\/www.conass.org.br\/biblioteca\/wp-content\/uploads\/2023\/02\/L10-Cap7.pdf"},"item-7":{"nome-do-arquivo":"P\u00f3s-Gradua\u00e7\u00e3o em Sa\u00fade Coletiva e Controle de C\u00e2ncer \u2013 um novo olhar sobre quest\u00f5es seculares","_arquivo":"http:\/\/www.conass.org.br\/biblioteca\/wp-content\/uploads\/2023\/02\/L10-Cap8.pdf"},"item-8":{"nome-do-arquivo":"Avalia\u00e7\u00e3o da Aten\u00e7\u00e3o Prim\u00e1ria \u00e0 Sa\u00fade nas Unidades da Federa\u00e7\u00e3o: a constru\u00e7\u00e3o de uma linha de base no SUS pelo IBGE","_arquivo":"http:\/\/www.conass.org.br\/biblioteca\/wp-content\/uploads\/2023\/02\/L10-Cap9.pdf"},"item-9":{"nome-do-arquivo":"Os (des)la\u00e7os entre investiga\u00e7\u00e3o e desenvolvimento de pol\u00edticas em sa\u00fade urbana \u2013 a experi\u00eancia do projeto UPHI-STAT na cidade da Praia, Cabo Verde","_arquivo":"http:\/\/www.conass.org.br\/biblioteca\/wp-content\/uploads\/2023\/02\/L10-Cap10.pdf"},"item-10":{"nome-do-arquivo":"Resist\u00eancia Antimicrobiana (RAM), sociedade e meio ambiente: uma sindemia glocal","_arquivo":"http:\/\/www.conass.org.br\/biblioteca\/wp-content\/uploads\/2023\/02\/L10-Cap11.pdf"}},"_anopublicacao":"2023","footnotes":""},"categories":[461,503],"tags":[],"class_list":["post-8485","post","type-post","status-publish","format-standard","has-post-thumbnail","hentry","category-linha-editorial-internacional-de-apoio-aos-sistemas-de-saude-leiass","category-ctvsa"],"acf":{"linkpdf":"https:\/\/www.conass.org.br\/biblioteca\/download\/8484\/","linkEbook":"https:\/\/www.conass.org.br\/biblioteca\/download\/9292\/?tmstv=1719840548"},"aioseo_notices":[],"jetpack_sharing_enabled":true,"jetpack_featured_media_url":"https:\/\/www.conass.org.br\/biblioteca\/wp-content\/uploads\/2023\/02\/saude-sociedade-e-meio-ambiente.png","featured_media_details":{"url":"https:\/\/www.conass.org.br\/biblioteca\/wp-content\/uploads\/2023\/02\/saude-sociedade-e-meio-ambiente.png","alt":"","title":"saude-sociedade-e-meio-ambiente","caption":"","description":""},"name_descritores":["Desenvolvimento Sustent\u00e1vel","Sistema \u00danico de Sa\u00fade","Sa\u00fade P\u00fablica"],"name_arquivos":[{"nome-do-arquivo":"Meio Ambiente e Sustentabilidade: interesses da pol\u00edtica p\u00fablica de sa\u00fade na atua\u00e7\u00e3o do Poder Legislativo no Brasil","_arquivo":"http:\/\/www.conass.org.br\/biblioteca\/wp-content\/uploads\/2023\/02\/L10-Cap1.pdf"},{"nome-do-arquivo":"Sa\u00fade global, bio\u00e9tica e direito humano \u00e0 \u00e1gua: reflex\u00f5es necess\u00e1rias \u00e0 sa\u00fade coletiva","_arquivo":"http:\/\/www.conass.org.br\/biblioteca\/wp-content\/uploads\/2023\/02\/L10-Cap2.pdf"},{"nome-do-arquivo":"Uma iniciativa de avalia\u00e7\u00e3o da qualidade da informa\u00e7\u00e3o em sites de sa\u00fade: m\u00e9ritos e percal\u00e7os","_arquivo":"http:\/\/www.conass.org.br\/biblioteca\/wp-content\/uploads\/2023\/02\/L10-Cap3.pdf"},{"nome-do-arquivo":"Determinantes sociais da sa\u00fade e o processo de envelhecimento no nordeste brasileiro: resultados do LEFIG-UFRN","_arquivo":"http:\/\/www.conass.org.br\/biblioteca\/wp-content\/uploads\/2023\/02\/L10-Cap4.pdf"},{"nome-do-arquivo":"Mortalidade em munic\u00edpios da Bacia do Paraopeba, Minas Gerais, pr\u00e9via ao desastre ambiental e compromissos de desenvolvimento sustent\u00e1vel","_arquivo":"http:\/\/www.conass.org.br\/biblioteca\/wp-content\/uploads\/2023\/02\/L10-Cap5.pdf"},{"nome-do-arquivo":"Estudo de avaliabilidade do Plano Nacional de Gest\u00e3o de Res\u00edduos Hospitalares 2021-2025, Cabo Verde","_arquivo":"http:\/\/www.conass.org.br\/biblioteca\/wp-content\/uploads\/2023\/02\/L10-Cap6.pdf"},{"nome-do-arquivo":"A Gest\u00e3o da Qualidade na era digital: reflex\u00f5es no processo farmac\u00eautico de um Laborat\u00f3rio de Desenvolvimento Anal\u00edtico","_arquivo":"http:\/\/www.conass.org.br\/biblioteca\/wp-content\/uploads\/2023\/02\/L10-Cap7.pdf"},{"nome-do-arquivo":"P\u00f3s-Gradua\u00e7\u00e3o em Sa\u00fade Coletiva e Controle de C\u00e2ncer \u2013 um novo olhar sobre quest\u00f5es seculares","_arquivo":"http:\/\/www.conass.org.br\/biblioteca\/wp-content\/uploads\/2023\/02\/L10-Cap8.pdf"},{"nome-do-arquivo":"Avalia\u00e7\u00e3o da Aten\u00e7\u00e3o Prim\u00e1ria \u00e0 Sa\u00fade nas Unidades da Federa\u00e7\u00e3o: a constru\u00e7\u00e3o de uma linha de base no SUS pelo IBGE","_arquivo":"http:\/\/www.conass.org.br\/biblioteca\/wp-content\/uploads\/2023\/02\/L10-Cap9.pdf"},{"nome-do-arquivo":"Os (des)la\u00e7os entre investiga\u00e7\u00e3o e desenvolvimento de pol\u00edticas em sa\u00fade urbana \u2013 a experi\u00eancia do projeto UPHI-STAT na cidade da Praia, Cabo Verde","_arquivo":"http:\/\/www.conass.org.br\/biblioteca\/wp-content\/uploads\/2023\/02\/L10-Cap10.pdf"},{"nome-do-arquivo":"Resist\u00eancia Antimicrobiana (RAM), sociedade e meio ambiente: uma sindemia glocal","_arquivo":"http:\/\/www.conass.org.br\/biblioteca\/wp-content\/uploads\/2023\/02\/L10-Cap11.pdf"}],"_wpas_done_all":"","_fgj2wp_old_id":"","_jetpack_related_posts_cache":"","_edit_lock":"1727454478:2","_edit_last":"2","pdf":"","_pdf":"","_at_widget":"","_expiration-date-status":"","_last_editor_used_jetpack":"classic-editor","_thumbnail_id":"9609","_kksr_ratings":"","_kksr_casts":"","_kksr_ips":"","_kksr_avg":"","_yoast_wpseo_content_score":"30","linkpdf":"https:\/\/www.conass.org.br\/biblioteca\/download\/8484\/","_linkpdf":"field_5d5468dcb6b70","linkEbook":"https:\/\/www.conass.org.br\/biblioteca\/download\/9292\/?tmstv=1719840548","_linkEbook":"field_5d546905b6b71","_yoast_wpseo_primary_category":"461","_wp_page_template":"default","_yoast_wpseo_focuskw":"","_yoast_wpseo_linkdex":"","_yoast_wpseo_metadesc":"","_yoast_wpseo_title":"","om_disable_all_campaigns":"","_aioseo_title":"","_aioseo_description":"","_aioseo_keywords":[],"_aioseo_og_title":"","_aioseo_og_description":"","_aioseo_og_article_section":"","_aioseo_og_article_tags":[],"_aioseo_twitter_title":"","_aioseo_twitter_description":"","_wp_old_slug":"","_yoast_wpseo_estimated-reading-time-minutes":"2","_yoast_wpseo_opengraph-title":"","_yoast_wpseo_opengraph-description":"","_yoast_wpseo_opengraph-image":"","_yoast_wpseo_opengraph-image-id":"","_pprredirect_active":"","_pprredirect_type":"","_pprredirect_url":"","_yoast_wpseo_wordproof_timestamp":"","_oembed_804a5f28813cadd985db7f58c401e70a":"","_oembed_2d21d8d582c765222a9abeafaa1822b5":"","_pingme":"","_encloseme":"","_elementor_template_type":"wp-post","_elementor_version":"3.24.4","_elementor_pro_version":"3.24.2","_wp_old_date":"","nomeCategoria":["Linha Editorial Internacional","Vigil\u00e2ncia em Sa\u00fade Ambiental"],"_links":{"self":[{"href":"https:\/\/www.conass.org.br\/biblioteca\/wp-json\/wp\/v2\/posts\/8485"}],"collection":[{"href":"https:\/\/www.conass.org.br\/biblioteca\/wp-json\/wp\/v2\/posts"}],"about":[{"href":"https:\/\/www.conass.org.br\/biblioteca\/wp-json\/wp\/v2\/types\/post"}],"author":[{"embeddable":true,"href":"https:\/\/www.conass.org.br\/biblioteca\/wp-json\/wp\/v2\/users\/2"}],"replies":[{"embeddable":true,"href":"https:\/\/www.conass.org.br\/biblioteca\/wp-json\/wp\/v2\/comments?post=8485"}],"version-history":[{"count":3,"href":"https:\/\/www.conass.org.br\/biblioteca\/wp-json\/wp\/v2\/posts\/8485\/revisions"}],"predecessor-version":[{"id":9295,"href":"https:\/\/www.conass.org.br\/biblioteca\/wp-json\/wp\/v2\/posts\/8485\/revisions\/9295"}],"wp:featuredmedia":[{"embeddable":true,"href":"https:\/\/www.conass.org.br\/biblioteca\/wp-json\/wp\/v2\/media\/9609"}],"wp:attachment":[{"href":"https:\/\/www.conass.org.br\/biblioteca\/wp-json\/wp\/v2\/media?parent=8485"}],"wp:term":[{"taxonomy":"category","embeddable":true,"href":"https:\/\/www.conass.org.br\/biblioteca\/wp-json\/wp\/v2\/categories?post=8485"},{"taxonomy":"post_tag","embeddable":true,"href":"https:\/\/www.conass.org.br\/biblioteca\/wp-json\/wp\/v2\/tags?post=8485"}],"curies":[{"name":"wp","href":"https:\/\/api.w.org\/{rel}","templated":true}]}}