{"id":8502,"date":"2023-03-24T14:38:31","date_gmt":"2023-03-24T14:38:31","guid":{"rendered":"https:\/\/www.conass.org.br\/biblioteca\/?p=8502"},"modified":"2024-10-09T22:03:23","modified_gmt":"2024-10-10T01:03:23","slug":"informacoes-para-a-gestao-estadual-do-sus-2023-2026","status":"publish","type":"post","link":"https:\/\/www.conass.org.br\/biblioteca\/informacoes-para-a-gestao-estadual-do-sus-2023-2026\/","title":{"rendered":"INFORMA\u00c7\u00d5ES PARA A GEST\u00c3O ESTADUAL DO SUS 2023-2026"},"content":{"rendered":"<p>Este documento disp\u00f5e de informa\u00e7\u00f5es b\u00e1sicas sobre os principais temas envolvendo a organiza\u00e7\u00e3o do Sistema \u00danico de Sa\u00fade (SUS), com \u00eanfase no n\u00edvel de gest\u00e3o dos governos estaduais.<br \/>\nAs s\u00ednteses elaboradas pela equipe t\u00e9cnica do Conass, em cada tema, basearam-se em produ\u00e7\u00f5es e formula\u00e7\u00f5es desenvolvidas ao longo dos anos, boa parte delas, dispon\u00edvel e de f\u00e1cil acesso no portal do Conass na internet.<br \/>\nDestaca-se ainda que cada se\u00e7\u00e3o traz as propostas formuladas pelo Conass para a tem\u00e1tica, as quais foram apresentadas, originalmente, na Carta Compromisso aos Presidenci\u00e1veis, por ocasi\u00e3o das elei\u00e7\u00f5es nacionais em 2022.<br \/>\nEsperamos que esse material auxilie a dire\u00e7\u00e3o das secretarias estaduais de sa\u00fade (SES) na compreens\u00e3o do funcionamento do SUS, tomando contato com as principais agendas institucionais nas diferentes \u00e1reas de atua\u00e7\u00e3o da gest\u00e3o estadual na sa\u00fade.<\/p>\n<p>&nbsp;<\/p>\n<p>Boa leitura!<br \/>\n<strong>Cipriano Maia de Vasconcelos<\/strong><br \/>\nPresidente do Conass<\/p>\n","protected":false},"excerpt":{"rendered":"<p>Este documento disp\u00f5e de informa\u00e7\u00f5es b\u00e1sicas sobre os principais temas envolvendo a organiza\u00e7\u00e3o do Sistema \u00danico de Sa\u00fade (SUS), com \u00eanfase no n\u00edvel de gest\u00e3o dos governos estaduais. As s\u00ednteses elaboradas pela equipe t\u00e9cnica do Conass, em cada tema, basearam-se em produ\u00e7\u00f5es e formula\u00e7\u00f5es desenvolvidas ao longo dos anos, boa parte delas, dispon\u00edvel e de [&hellip;]<\/p>\n","protected":false},"author":2,"featured_media":9584,"comment_status":"closed","ping_status":"open","sticky":false,"template":"","format":"standard","meta":{"_acf_changed":false,"om_disable_all_campaigns":false,"_monsterinsights_skip_tracking":false,"_monsterinsights_sitenote_active":false,"_monsterinsights_sitenote_note":"","_monsterinsights_sitenote_category":0,"_jetpack_memberships_contains_paid_content":false,"isbn":"978-65-88631-28-7","doi":"","descritores":{"item-0":{"titulo-descritores":"AAVD: Atividades avan\u00e7adas de vida di\u00e1ria"},"item-1":{"titulo-descritores":"AIVD: Atividades instrumentais de vida di\u00e1ria"},"item-2":{"titulo-descritores":"ABVD: Atividades b\u00e1sicas de vida di\u00e1ria"},"item-3":{"titulo-descritores":"AMI: Avalia\u00e7\u00e3o multidimensional do idoso"},"item-4":{"titulo-descritores":"APS: Aten\u00e7\u00e3o Prim\u00e1ria \u00e0 Sa\u00fade"},"item-5":{"titulo-descritores":"BPC: Benef\u00edcio de Presta\u00e7\u00e3o Continuada"},"item-6":{"titulo-descritores":"ESF: Estrat\u00e9gia Sa\u00fade da Fam\u00edlia"},"item-7":{"titulo-descritores":"GFI: Groningen Frailty Indicator"},"item-8":{"titulo-descritores":"ILPI: Institui\u00e7\u00e3o de Longa Perman\u00eancia para Idosos"},"item-9":{"titulo-descritores":"IVCF-20: \u00cdndice de Vulnerabilidade Cl\u00ednico-Funcional 20"},"item-10":{"titulo-descritores":"MACC: Modelo de Aten\u00e7\u00e3o \u00e0s Condi\u00e7\u00f5es Cr\u00f4nicas"},"item-11":{"titulo-descritores":"MAO: Medicamento apropriado omitido"},"item-12":{"titulo-descritores":"MPI: Medicamento potencialmente inapropriado"},"item-13":{"titulo-descritores":"NASF: N\u00facleo de Apoio \u00e0 Sa\u00fade da Fam\u00edlia"},"item-14":{"titulo-descritores":"RAS: Redes de Aten\u00e7\u00e3o \u00e0 Sa\u00fade"},"item-15":{"titulo-descritores":"SBQ: Sherbrooke Postal Questionnaire"},"item-16":{"titulo-descritores":"SUAS: Sistema \u00danico de Assist\u00eancia Social"},"item-17":{"titulo-descritores":"SUS: Sistema \u00danico de Sa\u00fade"},"item-18":{"titulo-descritores":"TFI: Tilburg Frailty Indicator"},"item-19":{"titulo-descritores":"UBS: Unidade B\u00e1sica de Sa\u00fade"},"item-20":{"titulo-descritores":"VES-13: Vulnerable Elders Survey-13\u200b."}},"deseja-inserir-arquivos":"True","arquivos":{"item-0":{"nome-do-arquivo":"01 - Governan\u00e7a no SUS","_arquivo":"http:\/\/www.conass.org.br\/biblioteca\/wp-content\/uploads\/2023\/03\/01-Governanca-no-SUS.pdf"},"item-1":{"nome-do-arquivo":"02 - Planejamento do SUS","_arquivo":"http:\/\/www.conass.org.br\/biblioteca\/wp-content\/uploads\/2023\/03\/02-Planejamento-do-SUS.pdf"},"item-2":{"nome-do-arquivo":"03 - Financiamento do SUS","_arquivo":"http:\/\/www.conass.org.br\/biblioteca\/wp-content\/uploads\/2023\/03\/03-Financiamento-do-SUS.pdf"},"item-3":{"nome-do-arquivo":"04 - Regionalizac\u0327a\u0303o","_arquivo":"http:\/\/www.conass.org.br\/biblioteca\/wp-content\/uploads\/2023\/03\/04-Regionalizacao.pdf"},"item-4":{"nome-do-arquivo":"05 - As Redes de Atenc\u0327a\u0303o a\u0300 Sau\u0301de","_arquivo":"http:\/\/www.conass.org.br\/biblioteca\/wp-content\/uploads\/2023\/03\/05-As-Redes-de-Atencao-a-Saude.pdf"},"item-5":{"nome-do-arquivo":"06 - Atenc\u0327a\u0303o Especializada Ambulatorial e Hospitalar","_arquivo":"http:\/\/www.conass.org.br\/biblioteca\/wp-content\/uploads\/2023\/03\/06-Atencao-Especializada-Ambulatorial-e-Hospitalar.pdf"},"item-6":{"nome-do-arquivo":"07 - Regulac\u0327a\u0303o da Atenc\u0327a\u0303o a\u0300 Sau\u0301de","_arquivo":"http:\/\/www.conass.org.br\/biblioteca\/wp-content\/uploads\/2023\/03\/07-Regulacao-da-Atencao-a-Saude.pdf"},"item-7":{"nome-do-arquivo":"08 - Contratualizac\u0327a\u0303o","_arquivo":"http:\/\/www.conass.org.br\/biblioteca\/wp-content\/uploads\/2023\/03\/08-Contratualizacao.pdf"},"item-8":{"nome-do-arquivo":"09 - Alternativas de Gere\u0302ncia de Unidades Pu\u0301blicas.pdf","_arquivo":"http:\/\/www.conass.org.br\/biblioteca\/wp-content\/uploads\/2023\/03\/09-Alternativas-de-Gerencia-de-Unidades-Publicas.pdf"},"item-9":{"nome-do-arquivo":"10 - Vigila\u0302ncia em Sau\u0301de","_arquivo":"http:\/\/www.conass.org.br\/biblioteca\/wp-content\/uploads\/2023\/03\/10-Vigilancia-em-Saude.pdf"},"item-10":{"nome-do-arquivo":"11 - Assiste\u0302ncia Farmace\u0302utica","_arquivo":"http:\/\/www.conass.org.br\/biblioteca\/wp-content\/uploads\/2023\/03\/11-Assistencia-Farmaceutica.pdf"},"item-11":{"nome-do-arquivo":"12 - Incorporac\u0327a\u0303o de Tecnologias no SUS","_arquivo":"http:\/\/www.conass.org.br\/biblioteca\/wp-content\/uploads\/2023\/03\/12-Incorporacao-de-Tecnologias-no-SUS.pdf"},"item-12":{"nome-do-arquivo":"13 - Informac\u0327a\u0303o e Informa\u0301tica em Sau\u0301de\/Sau\u0301de Digital","_arquivo":"http:\/\/www.conass.org.br\/biblioteca\/wp-content\/uploads\/2023\/03\/13-Informacao-e-Informatica-em-SaudeSaude-Digital.pdf"},"item-13":{"nome-do-arquivo":"14 - Judicializac\u0327a\u0303o e Direito a\u0300 Sau\u0301de","_arquivo":"http:\/\/www.conass.org.br\/biblioteca\/wp-content\/uploads\/2023\/03\/14-Judicializacao-e-Direito-a-Saude.pdf"},"item-14":{"nome-do-arquivo":"15 - Qualidade no Cuidado e Seguranc\u0327a do Paciente","_arquivo":"http:\/\/www.conass.org.br\/biblioteca\/wp-content\/uploads\/2023\/03\/15-Qualidade-no-Cuidado-e-Seguranca-do-Paciente.pdf"},"item-15":{"nome-do-arquivo":"16 - Controle Social e Participac\u0327a\u0303o da Comunidade","_arquivo":"http:\/\/www.conass.org.br\/biblioteca\/wp-content\/uploads\/2023\/03\/16-Controle-Social-e-Participacao-da-Comunidade.pdf"},"item-16":{"nome-do-arquivo":"17 - Educac\u0327a\u0303o e Trabalho na Sau\u0301de","_arquivo":"http:\/\/www.conass.org.br\/biblioteca\/wp-content\/uploads\/2023\/03\/17-Educacao-e-Trabalho-na-Saude.pdf"},"item-17":{"nome-do-arquivo":"18 - Comunicac\u0327a\u0303o em Sau\u0301de","_arquivo":"http:\/\/www.conass.org.br\/biblioteca\/wp-content\/uploads\/2023\/03\/18-Comunicacao-em-Saude.pdf"},"item-19":{"nome-do-arquivo":"19 - CIEGES - Centro de Intelige\u0302ncia Estrate\u0301gica para a Gesta\u0303o Estadual do SUS","_arquivo":"http:\/\/www.conass.org.br\/biblioteca\/wp-content\/uploads\/2023\/03\/19-CIEGES-Centro-de-Inteligencia-Estrategica-para-a-Gestao-Estadual-do-SUS.pdf"},"item-20":{"nome-do-arquivo":"20 - Relac\u0327o\u0303es Internacionais","_arquivo":"http:\/\/www.conass.org.br\/biblioteca\/wp-content\/uploads\/2023\/03\/20-Relacoes-Internacionais.pdf"}},"_anopublicacao":"2023","footnotes":""},"categories":[493,491,492,494,495,496,497,499,500,479,501,502,503,504],"tags":[],"class_list":["post-8502","post","type-post","status-publish","format-standard","has-post-thumbnail","hentry","category-assistencia-farmaceutica","category-atencao-a-saude","category-atencao-primaria-a-saude","category-comunicacao-em-saude","category-direito-sanitario","category-epidemiologia","category-ctgtes","category-ctiis","category-ctlsp","category-outras-publicacoes","category-ctqcsp","category-ctst","category-ctvsa","category-ctvisa"],"acf":{"linkpdf":"https:\/\/www.conass.org.br\/biblioteca\/download\/8499\/","linkEbook":"https:\/\/www.conass.org.br\/biblioteca\/download\/9321\/?tmstv=1719841498"},"aioseo_notices":[],"jetpack_sharing_enabled":true,"jetpack_featured_media_url":"https:\/\/www.conass.org.br\/biblioteca\/wp-content\/uploads\/2023\/03\/informacoes-para-a-gestao-estadual-do-sus-2023-2026.png","featured_media_details":{"url":"https:\/\/www.conass.org.br\/biblioteca\/wp-content\/uploads\/2023\/03\/informacoes-para-a-gestao-estadual-do-sus-2023-2026.png","alt":"","title":"informacoes-para-a-gestao-estadual-do-sus-2023-2026","caption":"","description":""},"name_descritores":["AAVD: Atividades avan\u00e7adas de vida di\u00e1ria","AIVD: Atividades instrumentais de vida di\u00e1ria","ABVD: Atividades b\u00e1sicas de vida di\u00e1ria","AMI: Avalia\u00e7\u00e3o multidimensional do idoso","APS: Aten\u00e7\u00e3o Prim\u00e1ria \u00e0 Sa\u00fade","BPC: Benef\u00edcio de Presta\u00e7\u00e3o Continuada","ESF: Estrat\u00e9gia Sa\u00fade da Fam\u00edlia","GFI: Groningen Frailty Indicator","ILPI: Institui\u00e7\u00e3o de Longa Perman\u00eancia para Idosos","IVCF-20: \u00cdndice de Vulnerabilidade Cl\u00ednico-Funcional 20","MACC: Modelo de Aten\u00e7\u00e3o \u00e0s Condi\u00e7\u00f5es Cr\u00f4nicas","MAO: Medicamento apropriado omitido","MPI: Medicamento potencialmente inapropriado","NASF: N\u00facleo de Apoio \u00e0 Sa\u00fade da Fam\u00edlia","RAS: Redes de Aten\u00e7\u00e3o \u00e0 Sa\u00fade","SBQ: Sherbrooke Postal Questionnaire","SUAS: Sistema \u00danico de Assist\u00eancia Social","SUS: Sistema \u00danico de Sa\u00fade","TFI: Tilburg Frailty Indicator","UBS: Unidade B\u00e1sica de Sa\u00fade","VES-13: Vulnerable Elders Survey-13\u200b."],"name_arquivos":[{"nome-do-arquivo":"01 - Governan\u00e7a no SUS","_arquivo":"http:\/\/www.conass.org.br\/biblioteca\/wp-content\/uploads\/2023\/03\/01-Governanca-no-SUS.pdf"},{"nome-do-arquivo":"02 - Planejamento do SUS","_arquivo":"http:\/\/www.conass.org.br\/biblioteca\/wp-content\/uploads\/2023\/03\/02-Planejamento-do-SUS.pdf"},{"nome-do-arquivo":"03 - Financiamento do SUS","_arquivo":"http:\/\/www.conass.org.br\/biblioteca\/wp-content\/uploads\/2023\/03\/03-Financiamento-do-SUS.pdf"},{"nome-do-arquivo":"04 - Regionalizac\u0327a\u0303o","_arquivo":"http:\/\/www.conass.org.br\/biblioteca\/wp-content\/uploads\/2023\/03\/04-Regionalizacao.pdf"},{"nome-do-arquivo":"05 - As Redes de Atenc\u0327a\u0303o a\u0300 Sau\u0301de","_arquivo":"http:\/\/www.conass.org.br\/biblioteca\/wp-content\/uploads\/2023\/03\/05-As-Redes-de-Atencao-a-Saude.pdf"},{"nome-do-arquivo":"06 - Atenc\u0327a\u0303o Especializada Ambulatorial e Hospitalar","_arquivo":"http:\/\/www.conass.org.br\/biblioteca\/wp-content\/uploads\/2023\/03\/06-Atencao-Especializada-Ambulatorial-e-Hospitalar.pdf"},{"nome-do-arquivo":"07 - Regulac\u0327a\u0303o da Atenc\u0327a\u0303o a\u0300 Sau\u0301de","_arquivo":"http:\/\/www.conass.org.br\/biblioteca\/wp-content\/uploads\/2023\/03\/07-Regulacao-da-Atencao-a-Saude.pdf"},{"nome-do-arquivo":"08 - Contratualizac\u0327a\u0303o","_arquivo":"http:\/\/www.conass.org.br\/biblioteca\/wp-content\/uploads\/2023\/03\/08-Contratualizacao.pdf"},{"nome-do-arquivo":"09 - Alternativas de Gere\u0302ncia de Unidades Pu\u0301blicas.pdf","_arquivo":"http:\/\/www.conass.org.br\/biblioteca\/wp-content\/uploads\/2023\/03\/09-Alternativas-de-Gerencia-de-Unidades-Publicas.pdf"},{"nome-do-arquivo":"10 - Vigila\u0302ncia em Sau\u0301de","_arquivo":"http:\/\/www.conass.org.br\/biblioteca\/wp-content\/uploads\/2023\/03\/10-Vigilancia-em-Saude.pdf"},{"nome-do-arquivo":"11 - Assiste\u0302ncia Farmace\u0302utica","_arquivo":"http:\/\/www.conass.org.br\/biblioteca\/wp-content\/uploads\/2023\/03\/11-Assistencia-Farmaceutica.pdf"},{"nome-do-arquivo":"12 - Incorporac\u0327a\u0303o de Tecnologias no SUS","_arquivo":"http:\/\/www.conass.org.br\/biblioteca\/wp-content\/uploads\/2023\/03\/12-Incorporacao-de-Tecnologias-no-SUS.pdf"},{"nome-do-arquivo":"13 - Informac\u0327a\u0303o e Informa\u0301tica em Sau\u0301de\/Sau\u0301de Digital","_arquivo":"http:\/\/www.conass.org.br\/biblioteca\/wp-content\/uploads\/2023\/03\/13-Informacao-e-Informatica-em-SaudeSaude-Digital.pdf"},{"nome-do-arquivo":"14 - Judicializac\u0327a\u0303o e Direito a\u0300 Sau\u0301de","_arquivo":"http:\/\/www.conass.org.br\/biblioteca\/wp-content\/uploads\/2023\/03\/14-Judicializacao-e-Direito-a-Saude.pdf"},{"nome-do-arquivo":"15 - Qualidade no Cuidado e Seguranc\u0327a do Paciente","_arquivo":"http:\/\/www.conass.org.br\/biblioteca\/wp-content\/uploads\/2023\/03\/15-Qualidade-no-Cuidado-e-Seguranca-do-Paciente.pdf"},{"nome-do-arquivo":"16 - Controle Social e Participac\u0327a\u0303o da Comunidade","_arquivo":"http:\/\/www.conass.org.br\/biblioteca\/wp-content\/uploads\/2023\/03\/16-Controle-Social-e-Participacao-da-Comunidade.pdf"},{"nome-do-arquivo":"17 - Educac\u0327a\u0303o e Trabalho na Sau\u0301de","_arquivo":"http:\/\/www.conass.org.br\/biblioteca\/wp-content\/uploads\/2023\/03\/17-Educacao-e-Trabalho-na-Saude.pdf"},{"nome-do-arquivo":"18 - Comunicac\u0327a\u0303o em Sau\u0301de","_arquivo":"http:\/\/www.conass.org.br\/biblioteca\/wp-content\/uploads\/2023\/03\/18-Comunicacao-em-Saude.pdf"},{"nome-do-arquivo":"19 - CIEGES - Centro de Intelige\u0302ncia Estrate\u0301gica para a Gesta\u0303o Estadual do SUS","_arquivo":"http:\/\/www.conass.org.br\/biblioteca\/wp-content\/uploads\/2023\/03\/19-CIEGES-Centro-de-Inteligencia-Estrategica-para-a-Gestao-Estadual-do-SUS.pdf"},{"nome-do-arquivo":"20 - Relac\u0327o\u0303es Internacionais","_arquivo":"http:\/\/www.conass.org.br\/biblioteca\/wp-content\/uploads\/2023\/03\/20-Relacoes-Internacionais.pdf"}],"_wpas_done_all":"","_fgj2wp_old_id":"","_jetpack_related_posts_cache":"","_edit_lock":"1728565180:123457","_edit_last":"123457","pdf":"","_pdf":"","_at_widget":"","_expiration-date-status":"","_last_editor_used_jetpack":"classic-editor","_thumbnail_id":"9584","_kksr_ratings":"","_kksr_casts":"","_kksr_ips":"","_kksr_avg":"","_yoast_wpseo_content_score":"30","linkpdf":"https:\/\/www.conass.org.br\/biblioteca\/download\/8499\/","_linkpdf":"field_5d5468dcb6b70","linkEbook":"https:\/\/www.conass.org.br\/biblioteca\/download\/9321\/?tmstv=1719841498","_linkEbook":"field_5d546905b6b71","_yoast_wpseo_primary_category":"479","_wp_page_template":"default","_yoast_wpseo_focuskw":"","_yoast_wpseo_linkdex":"","_yoast_wpseo_metadesc":"","_yoast_wpseo_title":"","om_disable_all_campaigns":"","_aioseo_title":"","_aioseo_description":"","_aioseo_keywords":[],"_aioseo_og_title":"","_aioseo_og_description":"","_aioseo_og_article_section":"","_aioseo_og_article_tags":[],"_aioseo_twitter_title":"","_aioseo_twitter_description":"","_wp_old_slug":"","_yoast_wpseo_estimated-reading-time-minutes":"1","_yoast_wpseo_opengraph-title":"","_yoast_wpseo_opengraph-description":"","_yoast_wpseo_opengraph-image":"","_yoast_wpseo_opengraph-image-id":"","_pprredirect_active":"","_pprredirect_type":"","_pprredirect_url":"","_yoast_wpseo_wordproof_timestamp":"","_oembed_804a5f28813cadd985db7f58c401e70a":"","_oembed_2d21d8d582c765222a9abeafaa1822b5":"","_pingme":"","_encloseme":"","_elementor_template_type":"wp-post","_elementor_version":"3.24.4","_elementor_pro_version":"3.24.2","_wp_old_date":"","nomeCategoria":["Assist\u00eancia Farmac\u00eautica","Aten\u00e7\u00e3o \u00e0 Sa\u00fade","Aten\u00e7\u00e3o Prim\u00e1ria \u00e0 Sa\u00fade","Comunica\u00e7\u00e3o em Sa\u00fade","Direito Sanit\u00e1rio","Epidemiologia","Gest\u00e3o do Trabalho e da Educa\u00e7\u00e3o na Sa\u00fade","Informa\u00e7\u00e3o e Inform\u00e1tica em Sa\u00fade","Laborat\u00f3rio de Sa\u00fade P\u00fablica","Outras Publica\u00e7\u00f5es","Qualidade no Cuidado e Seguran\u00e7a do Paciente","Sa\u00fade do Trabalhador","Vigil\u00e2ncia em Sa\u00fade Ambiental","Vigil\u00e2ncia Sanit\u00e1ria"],"_links":{"self":[{"href":"https:\/\/www.conass.org.br\/biblioteca\/wp-json\/wp\/v2\/posts\/8502"}],"collection":[{"href":"https:\/\/www.conass.org.br\/biblioteca\/wp-json\/wp\/v2\/posts"}],"about":[{"href":"https:\/\/www.conass.org.br\/biblioteca\/wp-json\/wp\/v2\/types\/post"}],"author":[{"embeddable":true,"href":"https:\/\/www.conass.org.br\/biblioteca\/wp-json\/wp\/v2\/users\/2"}],"replies":[{"embeddable":true,"href":"https:\/\/www.conass.org.br\/biblioteca\/wp-json\/wp\/v2\/comments?post=8502"}],"version-history":[{"count":3,"href":"https:\/\/www.conass.org.br\/biblioteca\/wp-json\/wp\/v2\/posts\/8502\/revisions"}],"predecessor-version":[{"id":9324,"href":"https:\/\/www.conass.org.br\/biblioteca\/wp-json\/wp\/v2\/posts\/8502\/revisions\/9324"}],"wp:featuredmedia":[{"embeddable":true,"href":"https:\/\/www.conass.org.br\/biblioteca\/wp-json\/wp\/v2\/media\/9584"}],"wp:attachment":[{"href":"https:\/\/www.conass.org.br\/biblioteca\/wp-json\/wp\/v2\/media?parent=8502"}],"wp:term":[{"taxonomy":"category","embeddable":true,"href":"https:\/\/www.conass.org.br\/biblioteca\/wp-json\/wp\/v2\/categories?post=8502"},{"taxonomy":"post_tag","embeddable":true,"href":"https:\/\/www.conass.org.br\/biblioteca\/wp-json\/wp\/v2\/tags?post=8502"}],"curies":[{"name":"wp","href":"https:\/\/api.w.org\/{rel}","templated":true}]}}