{"id":8724,"date":"2023-07-18T06:00:49","date_gmt":"2023-07-18T06:00:49","guid":{"rendered":"https:\/\/www.conass.org.br\/biblioteca\/?p=8724"},"modified":"2024-09-27T07:46:50","modified_gmt":"2024-09-27T10:46:50","slug":"normativas-estaduais-para-o-enfrentamento-da-pandemia-de-covid-19-no-brasil","status":"publish","type":"post","link":"https:\/\/www.conass.org.br\/biblioteca\/normativas-estaduais-para-o-enfrentamento-da-pandemia-de-covid-19-no-brasil\/","title":{"rendered":"Volume 7 &#8211; Normativas estaduais para o enfrentamento da Pandemia de Covid-19 no Brasil"},"content":{"rendered":"<p>Em 11 de mar\u00e7o de 2020, a Organiza\u00e7\u00e3o Mundial da Sa\u00fade (OMS) classificou a doen\u00e7a causada pelo v\u00edrus SARS-CoV-2, a covid-19, como uma pandemia. Desde ent\u00e3o, os pa\u00edses do mundo v\u00eam empenhando esfor\u00e7os para enfrentar esse enorme desafio que se colocou para a humanidade, na tentativa de mitigar os efeitos desastrosos dessa pandemia.<\/p>\n<p>Nesse sentido, as diferentes na\u00e7\u00f5es implementaram pol\u00edticas p\u00fablicas dom\u00e9sticas para conter a dissemina\u00e7\u00e3o do v\u00edrus e tratar os enfermos, por meio da imposi\u00e7\u00e3o de medidas quarenten\u00e1rias, da cria\u00e7\u00e3o de hospitais de campanha, da disponibiliza\u00e7\u00e3o de vacinas em massa, entre outras a\u00e7oes. Al\u00e9m disso, foram tamb\u00e9m not\u00e1veis os esfor\u00e7os de coopera\u00e7\u00e3o internacional para conter a covid-19, mediante trocas de intelig\u00eancia, recursos e insumos entre pa\u00edses, que se tornaram ainda mais escassos nesse momento de calamidade.<\/p>\n<p>Assim, no contexto brasileiro, o Minist\u00e9rio da Sa\u00fade reconheceu, em 3 de fevereiro de 2020, a situa\u00e7\u00e3o como uma Emerg\u00eancia em Sa\u00fade P\u00fablica de Import\u00e2ncia Nacional (ESPIN), por meio da publica\u00e7\u00e3o da Portaria n\u00ba 188. Assim como nos demais pa\u00edses, os entes federativos do Brasil ent\u00e3o se mobilizaram para implementar medidas locais e de abrang\u00eancia nacional para enfrentar a pandemia, e, como \u00e9 exigido em estados democr\u00e1ticos de direito, isso se faz por meio da edi\u00e7\u00e3o e publica\u00e7\u00e3o de normas jur\u00eddicas pelos \u00f3rg\u00e3os que comp\u00f5em os poderes de Estado.<\/p>\n<p>Diante dessa realidade, portanto, o CEPEDISA, com a colabora\u00e7\u00e3o do CONASS, passou a monitorar, catalogar e analisar as normas jur\u00eddicas publicadas pelos governos federal, estaduais e do Distrito Federal, identificando aquelas que tratavam do enfrentamento da pandemia e consolidando essas informa\u00e7\u00f5es em uma base de dados. O prop\u00f3sito deste trabalho foi de organizar e divulgar esse conjunto de informa\u00e7\u00f5es para uso comum do Estado e da sociedade, na tentativa de, assim, colaborar para a an\u00e1lise do nosso contexto nacional e auxiliar a tomada de decis\u00f5es.<\/p>\n<p>A presente obra t\u00e9cnica se insere no contexto desse esfor\u00e7o acad\u00eamico conjunto. A partir da an\u00e1lise dessas normas jur\u00eddicas e das consequ\u00eancias concretas que elas v\u00eam produzindo, os autores apresentam suas reflex\u00f5es sobre alguns dos temas mais recorrentes e relevantes que pautaram os debates p\u00fablicos ao longo dos \u00faltimos anos.<\/p>\n","protected":false},"excerpt":{"rendered":"<p>Em 11 de mar\u00e7o de 2020, a Organiza\u00e7\u00e3o Mundial da Sa\u00fade (OMS) classificou a doen\u00e7a causada pelo v\u00edrus SARS-CoV-2, a covid-19, como uma pandemia. Desde ent\u00e3o, os pa\u00edses do mundo v\u00eam empenhando esfor\u00e7os para enfrentar esse enorme desafio que se colocou para a humanidade, na tentativa de mitigar os efeitos desastrosos dessa pandemia. Nesse sentido, [&hellip;]<\/p>\n","protected":false},"author":2,"featured_media":9593,"comment_status":"closed","ping_status":"open","sticky":false,"template":"","format":"standard","meta":{"_acf_changed":false,"om_disable_all_campaigns":false,"_monsterinsights_skip_tracking":false,"_monsterinsights_sitenote_active":false,"_monsterinsights_sitenote_note":"","_monsterinsights_sitenote_category":0,"_jetpack_memberships_contains_paid_content":false,"isbn":"","doi":"","descritores":"","deseja-inserir-arquivos":"False","arquivos":"","_anopublicacao":"2023","footnotes":""},"categories":[464,495],"tags":[484,486,485],"class_list":["post-8724","post","type-post","status-publish","format-standard","has-post-thumbnail","hentry","category-colecao-covid-19","category-direito-sanitario","tag-covid","tag-covid-19","tag-covid19"],"acf":{"linkpdf":"https:\/\/www.conass.org.br\/biblioteca\/download\/8719\/?tmstv=1689662867","linkEbook":"https:\/\/www.conass.org.br\/biblioteca\/download\/9317\/?tmstv=1719841391"},"aioseo_notices":[],"jetpack_sharing_enabled":true,"jetpack_featured_media_url":"https:\/\/www.conass.org.br\/biblioteca\/wp-content\/uploads\/2023\/07\/vol-007-normativas-estaduais-para-o-enfrentamento-da-pandemia-de-covid-19-no-brasil.png","featured_media_details":{"url":"https:\/\/www.conass.org.br\/biblioteca\/wp-content\/uploads\/2023\/07\/vol-007-normativas-estaduais-para-o-enfrentamento-da-pandemia-de-covid-19-no-brasil.png","alt":"","title":"vol-007-normativas-estaduais-para-o-enfrentamento-da-pandemia-de-covid-19-no-brasil","caption":"","description":""},"name_descritores":[],"name_arquivos":[],"_wpas_done_all":"","_fgj2wp_old_id":"","_jetpack_related_posts_cache":"","_edit_lock":"1758310489:123457","_edit_last":"2","pdf":"","_pdf":"","_at_widget":"","_expiration-date-status":"","_last_editor_used_jetpack":"classic-editor","_thumbnail_id":"9593","_kksr_ratings":"","_kksr_casts":"","_kksr_ips":"","_kksr_avg":"","_yoast_wpseo_content_score":"","linkpdf":"https:\/\/www.conass.org.br\/biblioteca\/download\/8719\/?tmstv=1689662867","_linkpdf":"field_5d5468dcb6b70","linkEbook":"https:\/\/www.conass.org.br\/biblioteca\/download\/9317\/?tmstv=1719841391","_linkEbook":"field_5d546905b6b71","_yoast_wpseo_primary_category":"","_wp_page_template":"default","_yoast_wpseo_focuskw":"","_yoast_wpseo_linkdex":"","_yoast_wpseo_metadesc":"","_yoast_wpseo_title":"","om_disable_all_campaigns":"","_aioseo_title":"","_aioseo_description":"","_aioseo_keywords":[],"_aioseo_og_title":"","_aioseo_og_description":"","_aioseo_og_article_section":"","_aioseo_og_article_tags":[],"_aioseo_twitter_title":"","_aioseo_twitter_description":"","_wp_old_slug":"","_yoast_wpseo_estimated-reading-time-minutes":"","_yoast_wpseo_opengraph-title":"","_yoast_wpseo_opengraph-description":"","_yoast_wpseo_opengraph-image":"","_yoast_wpseo_opengraph-image-id":"","_pprredirect_active":"","_pprredirect_type":"","_pprredirect_url":"","_yoast_wpseo_wordproof_timestamp":"","_oembed_804a5f28813cadd985db7f58c401e70a":"","_oembed_2d21d8d582c765222a9abeafaa1822b5":"","_pingme":"","_encloseme":"","_elementor_template_type":"wp-post","_elementor_version":"3.24.4","_elementor_pro_version":"3.24.2","_wp_old_date":"2023-07-19","nomeCategoria":["Cole\u00e7\u00e3o Covid-19","Direito Sanit\u00e1rio"],"_links":{"self":[{"href":"https:\/\/www.conass.org.br\/biblioteca\/wp-json\/wp\/v2\/posts\/8724"}],"collection":[{"href":"https:\/\/www.conass.org.br\/biblioteca\/wp-json\/wp\/v2\/posts"}],"about":[{"href":"https:\/\/www.conass.org.br\/biblioteca\/wp-json\/wp\/v2\/types\/post"}],"author":[{"embeddable":true,"href":"https:\/\/www.conass.org.br\/biblioteca\/wp-json\/wp\/v2\/users\/2"}],"replies":[{"embeddable":true,"href":"https:\/\/www.conass.org.br\/biblioteca\/wp-json\/wp\/v2\/comments?post=8724"}],"version-history":[{"count":3,"href":"https:\/\/www.conass.org.br\/biblioteca\/wp-json\/wp\/v2\/posts\/8724\/revisions"}],"predecessor-version":[{"id":9320,"href":"https:\/\/www.conass.org.br\/biblioteca\/wp-json\/wp\/v2\/posts\/8724\/revisions\/9320"}],"wp:featuredmedia":[{"embeddable":true,"href":"https:\/\/www.conass.org.br\/biblioteca\/wp-json\/wp\/v2\/media\/9593"}],"wp:attachment":[{"href":"https:\/\/www.conass.org.br\/biblioteca\/wp-json\/wp\/v2\/media?parent=8724"}],"wp:term":[{"taxonomy":"category","embeddable":true,"href":"https:\/\/www.conass.org.br\/biblioteca\/wp-json\/wp\/v2\/categories?post=8724"},{"taxonomy":"post_tag","embeddable":true,"href":"https:\/\/www.conass.org.br\/biblioteca\/wp-json\/wp\/v2\/tags?post=8724"}],"curies":[{"name":"wp","href":"https:\/\/api.w.org\/{rel}","templated":true}]}}