{"id":306,"date":"2014-04-10T11:41:26","date_gmt":"2014-04-10T11:41:26","guid":{"rendered":"http:\/\/www.conass.org.br\/conassdebate\/?p=306"},"modified":"2014-04-10T11:47:36","modified_gmt":"2014-04-10T11:47:36","slug":"programacao-crise-contemporanea-modelos-atencao-saude","status":"publish","type":"post","link":"https:\/\/www.conass.org.br\/conassdebate\/?p=306","title":{"rendered":"Programa\u00e7\u00e3o: CONASS Debate \u2013 A crise contempor\u00e2nea dos modelos de aten\u00e7\u00e3o \u00e0 sa\u00fade"},"content":{"rendered":"<p>CONASS Debate: A crise contempor\u00e2nea dos modelos de aten\u00e7\u00e3o \u00e0 sa\u00fade<\/p>\n<p>Data: 13 de maio de 2014<\/p>\n<p>Hor\u00e1rio: 9h00 \u00e0s 17h00<\/p>\n<p>Local: Sal\u00e3o Azul do Hotel Nacional \u2013 Bras\u00edlia\/DF<\/p>\n<p style=\"text-align: left;\" align=\"center\"><span style=\"font-size: medium;\"><strong>Programa\u00e7\u00e3o<\/strong><\/span><\/p>\n<p>&nbsp;<\/p>\n<p><strong>9h00 \u2013 Abertura<\/strong><\/p>\n<p>&#8211;\u00a0\u00a0\u00a0\u00a0\u00a0\u00a0 Wilson Duarte Alecrim \u2013 presidente do CONASS<\/p>\n<p>&#8211;\u00a0\u00a0\u00a0\u00a0\u00a0\u00a0 Ant\u00f4nio Carlos Nardi \u2013 presidente do Conasems<\/p>\n<p>&#8211;\u00a0\u00a0\u00a0\u00a0\u00a0\u00a0 Maria do Socorro de Souza \u2013 presidente do Conselho Nacional de Sa\u00fade<\/p>\n<p>&#8211;\u00a0\u00a0\u00a0\u00a0\u00a0\u00a0 Arthur Chioro \u2013 ministro de Estado da Sa\u00fade<\/p>\n<p>&#8211;\u00a0\u00a0\u00a0\u00a0\u00a0\u00a0 Joaquim Molina \u2013 representante da Opas\/OMS<\/p>\n<p>&nbsp;<\/p>\n<p><strong>10h30 \u2013 Confer\u00eancia de Abertura<\/strong><\/p>\n<p>&#8211;\u00a0\u00a0\u00a0\u00a0\u00a0\u00a0 Rafael Bengoa \u2013 assessor do programa <i>Obamacare<\/i>, foi diretor de Gest\u00e3o de Condi\u00e7\u00f5es Cr\u00f4nicas e diretor de Pol\u00edticas do Sistema de Sa\u00fade da Organiza\u00e7\u00e3o Mundial da Sa\u00fade (OMS), e ex-ministro da Sa\u00fade do pa\u00eds Vasco<\/p>\n<p>&nbsp;<\/p>\n<p><strong>11h30 \u2013 Contextualiza\u00e7\u00e3o do tema<\/strong><\/p>\n<p>&#8211;\u00a0\u00a0\u00a0\u00a0\u00a0\u00a0 Eug\u00eanio Vila\u00e7a Mendes \u2013 gerente t\u00e9cnico do projeto CONASS Debate<\/p>\n<p>&nbsp;<\/p>\n<p><strong>12h00 \u2013 Almo\u00e7o<\/strong><\/p>\n<p><strong>\u00a0<\/strong><\/p>\n<p><strong>13h30 \u2013 Exposi\u00e7\u00f5es<\/strong><\/p>\n<p>&#8211;\u00a0\u00a0\u00a0\u00a0\u00a0\u00a0 Luiz Facchini, professor do Departamento de Medicina Social e dos Programas de P\u00f3s-Gradua\u00e7\u00e3o em Epidemiologia e em Enfermagem da Universidade Federal de Pelotas, p\u00f3s-doutorado em Sa\u00fade Internacional, e ex-presidente da Abrasco<\/p>\n<p>&#8211;\u00a0\u00a0\u00a0\u00a0\u00a0\u00a0 Claunara Schilling Mendonca, professora de Medicina de Fam\u00edlia no Departamento de Medicina Social da Universidade do Rio Grande do Sul, Medica de Fam\u00edlia e Comunidade do Grupo Hospitalar Concei\u00e7\u00e3o, e ex-diretora de Aten\u00e7\u00e3o B\u00e1sica do Minist\u00e9rio da Sa\u00fade<\/p>\n<p>&#8211;\u00a0\u00a0\u00a0\u00a0\u00a0\u00a0 Luiz Fernando Rolim Sampaio, chefe do Escrit\u00f3rio de Servi\u00e7os de Sa\u00fade da Unimed Belo Horizonte, foi diretor de Aten\u00e7\u00e3o B\u00e1sica do Minist\u00e9rio da Sa\u00fade, consultor do Departamento de Medicina de Fam\u00edlia e Comunidade da Universidade de Toronto, e assessor t\u00e9cnico do CONASS<\/p>\n<p>&#8211;\u00a0\u00a0\u00a0\u00a0\u00a0\u00a0 Frederico Guanais \u2013 PhD, especialista L\u00edder em Sa\u00fade da Divis\u00e3o de Prote\u00e7\u00e3o Social e Sa\u00fade do Banco Interamericano de Desenvolvimento<\/p>\n<p><strong>Coordena\u00e7\u00e3o<\/strong><\/p>\n<p>&#8211;\u00a0\u00a0\u00a0\u00a0\u00a0\u00a0 Renilson Rehem \u2013 gerente do projeto CONASS Debate<\/p>\n<p>&nbsp;<\/p>\n<p><strong>15h30 \u2013 Debate com a plateia, internautas e expositores<\/strong><\/p>\n<p><strong>Media\u00e7\u00e3o<\/strong><\/p>\n<p>&#8211;\u00a0\u00a0\u00a0\u00a0\u00a0\u00a0 Renato Farias \u2013 Canal Sa\u00fade\/Fiocruz<\/p>\n<p>&nbsp;<\/p>\n<p><strong>17h00 \u2013 Encerramento<\/strong><\/p>\n","protected":false},"excerpt":{"rendered":"<p>CONASS Debate: A crise contempor\u00e2nea dos modelos de aten\u00e7\u00e3o \u00e0 sa\u00fade Data: 13 de maio de 2014 Hor\u00e1rio: 9h00 \u00e0s 17h00 Local: Sal\u00e3o Azul do Hotel Nacional \u2013 Bras\u00edlia\/DF Programa\u00e7\u00e3o &nbsp; 9h00 \u2013 Abertura &#8211;\u00a0\u00a0\u00a0\u00a0\u00a0\u00a0 Wilson Duarte Alecrim \u2013 presidente do CONASS &#8211;\u00a0\u00a0\u00a0\u00a0\u00a0\u00a0 Ant\u00f4nio Carlos Nardi \u2013 presidente do Conasems &#8211;\u00a0\u00a0\u00a0\u00a0\u00a0\u00a0 Maria do Socorro de [&hellip;]<\/p>\n","protected":false},"author":3,"featured_media":0,"comment_status":"open","ping_status":"open","sticky":false,"template":"","format":"standard","meta":{"footnotes":""},"categories":[8],"tags":[],"class_list":["post-306","post","type-post","status-publish","format-standard","hentry","category-imprensa"],"yoast_head":"<!-- This site is optimized with the Yoast SEO plugin v23.6 - https:\/\/yoast.com\/wordpress\/plugins\/seo\/ -->\n<title>Programa\u00e7\u00e3o: CONASS Debate \u2013 A crise contempor\u00e2nea dos modelos de aten\u00e7\u00e3o \u00e0 sa\u00fade - CONASS DEBATE<\/title>\n<meta name=\"description\" content=\"Confira a programa\u00e7\u00e3o do terceiro semin\u00e1rio do projeto CONASS Debate, com o tema: A crise contempor\u00e2nea dos modelos de aten\u00e7\u00e3o \u00e0 sa\u00fade, dia 13\/05\" \/>\n<meta name=\"robots\" content=\"index, follow, max-snippet:-1, max-image-preview:large, max-video-preview:-1\" \/>\n<link rel=\"canonical\" href=\"https:\/\/www.conass.org.br\/conassdebate\/?p=306\" \/>\n<meta property=\"og:locale\" content=\"pt_BR\" \/>\n<meta property=\"og:type\" content=\"article\" \/>\n<meta property=\"og:title\" content=\"Programa\u00e7\u00e3o: CONASS Debate \u2013 A crise contempor\u00e2nea dos modelos de aten\u00e7\u00e3o \u00e0 sa\u00fade - CONASS DEBATE\" \/>\n<meta property=\"og:description\" content=\"Confira a programa\u00e7\u00e3o do terceiro semin\u00e1rio do projeto CONASS Debate, com o tema: A crise contempor\u00e2nea dos modelos de aten\u00e7\u00e3o \u00e0 sa\u00fade, dia 13\/05\" \/>\n<meta property=\"og:url\" content=\"https:\/\/www.conass.org.br\/conassdebate\/?p=306\" \/>\n<meta property=\"og:site_name\" content=\"CONASS DEBATE\" \/>\n<meta property=\"article:publisher\" content=\"https:\/\/www.facebook.com\/conassoficial\" \/>\n<meta property=\"article:published_time\" content=\"2014-04-10T11:41:26+00:00\" \/>\n<meta property=\"article:modified_time\" content=\"2014-04-10T11:47:36+00:00\" \/>\n<meta property=\"og:image\" content=\"https:\/\/www.conass.org.br\/conassdebate\/wp-content\/uploads\/2013\/09\/conass_fb_ig_avatar.jpg\" \/>\n\t<meta property=\"og:image:width\" content=\"612\" \/>\n\t<meta property=\"og:image:height\" content=\"612\" \/>\n\t<meta property=\"og:image:type\" content=\"image\/jpeg\" \/>\n<meta name=\"author\" content=\"Marcus Vinicius\" \/>\n<meta name=\"twitter:label1\" content=\"Escrito por\" \/>\n\t<meta name=\"twitter:data1\" content=\"Marcus Vinicius\" \/>\n\t<meta name=\"twitter:label2\" content=\"Est. tempo de leitura\" \/>\n\t<meta name=\"twitter:data2\" content=\"2 minutos\" \/>\n<script type=\"application\/ld+json\" class=\"yoast-schema-graph\">{\"@context\":\"https:\/\/schema.org\",\"@graph\":[{\"@type\":\"WebPage\",\"@id\":\"https:\/\/www.conass.org.br\/conassdebate\/?p=306\",\"url\":\"https:\/\/www.conass.org.br\/conassdebate\/?p=306\",\"name\":\"Programa\u00e7\u00e3o: CONASS Debate \u2013 A crise contempor\u00e2nea dos modelos de aten\u00e7\u00e3o \u00e0 sa\u00fade - CONASS DEBATE\",\"isPartOf\":{\"@id\":\"https:\/\/www.conass.org.br\/conassdebate\/#website\"},\"datePublished\":\"2014-04-10T11:41:26+00:00\",\"dateModified\":\"2014-04-10T11:47:36+00:00\",\"author\":{\"@id\":\"https:\/\/www.conass.org.br\/conassdebate\/#\/schema\/person\/2c8472beead2dc5b9c7e1a8525b720b5\"},\"description\":\"Confira a programa\u00e7\u00e3o do terceiro semin\u00e1rio do projeto CONASS Debate, com o tema: A crise contempor\u00e2nea dos modelos de aten\u00e7\u00e3o \u00e0 sa\u00fade, dia 13\/05\",\"inLanguage\":\"pt-BR\",\"potentialAction\":[{\"@type\":\"ReadAction\",\"target\":[\"https:\/\/www.conass.org.br\/conassdebate\/?p=306\"]}]},{\"@type\":\"WebSite\",\"@id\":\"https:\/\/www.conass.org.br\/conassdebate\/#website\",\"url\":\"https:\/\/www.conass.org.br\/conassdebate\/\",\"name\":\"CONASS DEBATE\",\"description\":\"Conass - Conselho Nacional dos Secret\u00e1rios de Sa\u00fadeo\",\"potentialAction\":[{\"@type\":\"SearchAction\",\"target\":{\"@type\":\"EntryPoint\",\"urlTemplate\":\"https:\/\/www.conass.org.br\/conassdebate\/?s={search_term_string}\"},\"query-input\":{\"@type\":\"PropertyValueSpecification\",\"valueRequired\":true,\"valueName\":\"search_term_string\"}}],\"inLanguage\":\"pt-BR\"},{\"@type\":\"Person\",\"@id\":\"https:\/\/www.conass.org.br\/conassdebate\/#\/schema\/person\/2c8472beead2dc5b9c7e1a8525b720b5\",\"name\":\"Marcus Vinicius\",\"image\":{\"@type\":\"ImageObject\",\"inLanguage\":\"pt-BR\",\"@id\":\"https:\/\/www.conass.org.br\/conassdebate\/#\/schema\/person\/image\/\",\"url\":\"https:\/\/secure.gravatar.com\/avatar\/7a1f84f63a8013568d483934071a86b9?s=96&d=mm&r=g\",\"contentUrl\":\"https:\/\/secure.gravatar.com\/avatar\/7a1f84f63a8013568d483934071a86b9?s=96&d=mm&r=g\",\"caption\":\"Marcus Vinicius\"},\"url\":\"https:\/\/www.conass.org.br\/conassdebate\/?author=3\"}]}<\/script>\n<!-- \/ Yoast SEO plugin. -->","yoast_head_json":{"title":"Programa\u00e7\u00e3o: CONASS Debate \u2013 A crise contempor\u00e2nea dos modelos de aten\u00e7\u00e3o \u00e0 sa\u00fade - CONASS DEBATE","description":"Confira a programa\u00e7\u00e3o do terceiro semin\u00e1rio do projeto CONASS Debate, com o tema: A crise contempor\u00e2nea dos modelos de aten\u00e7\u00e3o \u00e0 sa\u00fade, dia 13\/05","robots":{"index":"index","follow":"follow","max-snippet":"max-snippet:-1","max-image-preview":"max-image-preview:large","max-video-preview":"max-video-preview:-1"},"canonical":"https:\/\/www.conass.org.br\/conassdebate\/?p=306","og_locale":"pt_BR","og_type":"article","og_title":"Programa\u00e7\u00e3o: CONASS Debate \u2013 A crise contempor\u00e2nea dos modelos de aten\u00e7\u00e3o \u00e0 sa\u00fade - CONASS DEBATE","og_description":"Confira a programa\u00e7\u00e3o do terceiro semin\u00e1rio do projeto CONASS Debate, com o tema: A crise contempor\u00e2nea dos modelos de aten\u00e7\u00e3o \u00e0 sa\u00fade, dia 13\/05","og_url":"https:\/\/www.conass.org.br\/conassdebate\/?p=306","og_site_name":"CONASS DEBATE","article_publisher":"https:\/\/www.facebook.com\/conassoficial","article_published_time":"2014-04-10T11:41:26+00:00","article_modified_time":"2014-04-10T11:47:36+00:00","og_image":[{"width":612,"height":612,"url":"https:\/\/www.conass.org.br\/conassdebate\/wp-content\/uploads\/2013\/09\/conass_fb_ig_avatar.jpg","type":"image\/jpeg"}],"author":"Marcus Vinicius","twitter_misc":{"Escrito por":"Marcus Vinicius","Est. tempo de leitura":"2 minutos"},"schema":{"@context":"https:\/\/schema.org","@graph":[{"@type":"WebPage","@id":"https:\/\/www.conass.org.br\/conassdebate\/?p=306","url":"https:\/\/www.conass.org.br\/conassdebate\/?p=306","name":"Programa\u00e7\u00e3o: CONASS Debate \u2013 A crise contempor\u00e2nea dos modelos de aten\u00e7\u00e3o \u00e0 sa\u00fade - CONASS DEBATE","isPartOf":{"@id":"https:\/\/www.conass.org.br\/conassdebate\/#website"},"datePublished":"2014-04-10T11:41:26+00:00","dateModified":"2014-04-10T11:47:36+00:00","author":{"@id":"https:\/\/www.conass.org.br\/conassdebate\/#\/schema\/person\/2c8472beead2dc5b9c7e1a8525b720b5"},"description":"Confira a programa\u00e7\u00e3o do terceiro semin\u00e1rio do projeto CONASS Debate, com o tema: A crise contempor\u00e2nea dos modelos de aten\u00e7\u00e3o \u00e0 sa\u00fade, dia 13\/05","inLanguage":"pt-BR","potentialAction":[{"@type":"ReadAction","target":["https:\/\/www.conass.org.br\/conassdebate\/?p=306"]}]},{"@type":"WebSite","@id":"https:\/\/www.conass.org.br\/conassdebate\/#website","url":"https:\/\/www.conass.org.br\/conassdebate\/","name":"CONASS DEBATE","description":"Conass - Conselho Nacional dos Secret\u00e1rios de Sa\u00fadeo","potentialAction":[{"@type":"SearchAction","target":{"@type":"EntryPoint","urlTemplate":"https:\/\/www.conass.org.br\/conassdebate\/?s={search_term_string}"},"query-input":{"@type":"PropertyValueSpecification","valueRequired":true,"valueName":"search_term_string"}}],"inLanguage":"pt-BR"},{"@type":"Person","@id":"https:\/\/www.conass.org.br\/conassdebate\/#\/schema\/person\/2c8472beead2dc5b9c7e1a8525b720b5","name":"Marcus Vinicius","image":{"@type":"ImageObject","inLanguage":"pt-BR","@id":"https:\/\/www.conass.org.br\/conassdebate\/#\/schema\/person\/image\/","url":"https:\/\/secure.gravatar.com\/avatar\/7a1f84f63a8013568d483934071a86b9?s=96&d=mm&r=g","contentUrl":"https:\/\/secure.gravatar.com\/avatar\/7a1f84f63a8013568d483934071a86b9?s=96&d=mm&r=g","caption":"Marcus Vinicius"},"url":"https:\/\/www.conass.org.br\/conassdebate\/?author=3"}]}},"_links":{"self":[{"href":"https:\/\/www.conass.org.br\/conassdebate\/index.php?rest_route=\/wp\/v2\/posts\/306"}],"collection":[{"href":"https:\/\/www.conass.org.br\/conassdebate\/index.php?rest_route=\/wp\/v2\/posts"}],"about":[{"href":"https:\/\/www.conass.org.br\/conassdebate\/index.php?rest_route=\/wp\/v2\/types\/post"}],"author":[{"embeddable":true,"href":"https:\/\/www.conass.org.br\/conassdebate\/index.php?rest_route=\/wp\/v2\/users\/3"}],"replies":[{"embeddable":true,"href":"https:\/\/www.conass.org.br\/conassdebate\/index.php?rest_route=%2Fwp%2Fv2%2Fcomments&post=306"}],"version-history":[{"count":4,"href":"https:\/\/www.conass.org.br\/conassdebate\/index.php?rest_route=\/wp\/v2\/posts\/306\/revisions"}],"predecessor-version":[{"id":310,"href":"https:\/\/www.conass.org.br\/conassdebate\/index.php?rest_route=\/wp\/v2\/posts\/306\/revisions\/310"}],"wp:attachment":[{"href":"https:\/\/www.conass.org.br\/conassdebate\/index.php?rest_route=%2Fwp%2Fv2%2Fmedia&parent=306"}],"wp:term":[{"taxonomy":"category","embeddable":true,"href":"https:\/\/www.conass.org.br\/conassdebate\/index.php?rest_route=%2Fwp%2Fv2%2Fcategories&post=306"},{"taxonomy":"post_tag","embeddable":true,"href":"https:\/\/www.conass.org.br\/conassdebate\/index.php?rest_route=%2Fwp%2Fv2%2Ftags&post=306"}],"curies":[{"name":"wp","href":"https:\/\/api.w.org\/{rel}","templated":true}]}}