{"id":314,"date":"2014-04-10T12:12:18","date_gmt":"2014-04-10T12:12:18","guid":{"rendered":"http:\/\/www.conass.org.br\/conassdebate\/?p=314"},"modified":"2014-04-28T17:26:21","modified_gmt":"2014-04-28T17:26:21","slug":"aviso-pauta-conass-debate-crise-contemporanea-modelos-atencao-saude","status":"publish","type":"post","link":"https:\/\/www.conass.org.br\/conassdebate\/?p=314","title":{"rendered":"Aviso de Pauta: CONASS Debate \u2013 A crise contempor\u00e2nea dos modelos de aten\u00e7\u00e3o \u00e0 sa\u00fade"},"content":{"rendered":"<p style=\"text-align: center;\" align=\"center\">ASSESSORIA DE COMUNICA\u00c7\u00c3O SOCIAL \u2013 AVISO DE PAUTA<\/p>\n<p style=\"text-align: center;\">ESPECIALISTAS DEBATEM A CRISE DOS MODELOS DE ATEN\u00c7\u00c3SO \u00c0 SA\u00daDE NO BRASIL E NO MUNDO<\/p>\n<p>&nbsp;<\/p>\n<p>Bras\u00edlia \u2013 O Conselho Nacional de Secret\u00e1rios de Sa\u00fade (CONASS), realizar\u00e1 no dia 13 de maio, em Bras\u00edlia, o semin\u00e1rio \u2013 CONASS Debate: A crise contempor\u00e2nea dos modelos de aten\u00e7\u00e3o \u00e0 sa\u00fade, com a presen\u00e7a dos especialistas Rafael Bengoa (programa Obamacare e ex-integrante da OMS), Frederico Guanais (Banco Interamericano de Desenvolvimento \u2013 BID; Luiz Facchini, (Universidade de Pelotas e ex-presidente da Abrasco); Claunara Schilling Mendonca (Universidade do Rio Grande do Sul, ex-diretora de Aten\u00e7\u00e3o B\u00e1sica do Minist\u00e9rio da Sa\u00fade); e Luiz Fernando Rolim Sampaio (Unimed Belo Horizonte, ex-consultor do Departamento de Medicina de Fam\u00edlia e Comunidade da Universidade de Toronto).<\/p>\n<p>&nbsp;<\/p>\n<p><strong>SERVI\u00c7O:<\/strong><\/p>\n<p><strong>O que:<\/strong> Semin\u00e1rio CONASS Debate \u2013 A crise contempor\u00e2nea dos modelos de aten\u00e7\u00e3o \u00e0 sa\u00fade<\/p>\n<p><strong>Quando:<\/strong> 13\/05\/2014 (ter\u00e7a-feira), 9h (abertura) 10h30 (confer\u00eancia)<\/p>\n<p><strong>Endere\u00e7o:<\/strong> Hotel Nacional, Bras\u00edlia\/DF (Setor Hoteleiro Sul, Quadra 01, Bloco A \u2013 Asa Sul, Bras\u00edlia\/Distrito Federal \u2013 (61) 3321-7575)<\/p>\n<p><strong>Credenciamento:<\/strong> *O evento ser\u00e1 aberto para a participa\u00e7\u00e3o da imprensa<\/p>\n<p>&nbsp;<\/p>\n<p><b>Contatos<\/b><\/p>\n<p>Assessoria de Comunica\u00e7\u00e3o Social do CONASS \u2013 (61) 3222-3000<\/p>\n<p>Adriane Cruz \u2013 (61) 9609-8365<\/p>\n<p>Tatiana Rosa \u2013 (61) 9696-4675<\/p>\n","protected":false},"excerpt":{"rendered":"<p>ASSESSORIA DE COMUNICA\u00c7\u00c3O SOCIAL \u2013 AVISO DE PAUTA ESPECIALISTAS DEBATEM A CRISE DOS MODELOS DE ATEN\u00c7\u00c3SO \u00c0 SA\u00daDE NO BRASIL E NO MUNDO &nbsp; Bras\u00edlia \u2013 O Conselho Nacional de Secret\u00e1rios de Sa\u00fade (CONASS), realizar\u00e1 no dia 13 de maio, em Bras\u00edlia, o semin\u00e1rio \u2013 CONASS Debate: A crise contempor\u00e2nea dos modelos de aten\u00e7\u00e3o \u00e0 [&hellip;]<\/p>\n","protected":false},"author":3,"featured_media":0,"comment_status":"open","ping_status":"open","sticky":false,"template":"","format":"standard","meta":{"footnotes":""},"categories":[8],"tags":[],"class_list":["post-314","post","type-post","status-publish","format-standard","hentry","category-imprensa"],"yoast_head":"<!-- This site is optimized with the Yoast SEO plugin v23.6 - https:\/\/yoast.com\/wordpress\/plugins\/seo\/ -->\n<title>Aviso de Pauta: CONASS Debate \u2013 A crise contempor\u00e2nea dos modelos de aten\u00e7\u00e3o \u00e0 sa\u00fade - CONASS DEBATE<\/title>\n<meta name=\"robots\" content=\"index, follow, max-snippet:-1, max-image-preview:large, max-video-preview:-1\" \/>\n<link rel=\"canonical\" href=\"https:\/\/www.conass.org.br\/conassdebate\/?p=314\" \/>\n<meta property=\"og:locale\" content=\"pt_BR\" \/>\n<meta property=\"og:type\" content=\"article\" \/>\n<meta property=\"og:title\" content=\"Aviso de Pauta: CONASS Debate \u2013 A crise contempor\u00e2nea dos modelos de aten\u00e7\u00e3o \u00e0 sa\u00fade - CONASS DEBATE\" \/>\n<meta property=\"og:description\" content=\"ASSESSORIA DE COMUNICA\u00c7\u00c3O SOCIAL \u2013 AVISO DE PAUTA ESPECIALISTAS DEBATEM A CRISE DOS MODELOS DE ATEN\u00c7\u00c3SO \u00c0 SA\u00daDE NO BRASIL E NO MUNDO &nbsp; Bras\u00edlia \u2013 O Conselho Nacional de Secret\u00e1rios de Sa\u00fade (CONASS), realizar\u00e1 no dia 13 de maio, em Bras\u00edlia, o semin\u00e1rio \u2013 CONASS Debate: A crise contempor\u00e2nea dos modelos de aten\u00e7\u00e3o \u00e0 [&hellip;]\" \/>\n<meta property=\"og:url\" content=\"https:\/\/www.conass.org.br\/conassdebate\/?p=314\" \/>\n<meta property=\"og:site_name\" content=\"CONASS DEBATE\" \/>\n<meta property=\"article:publisher\" content=\"https:\/\/www.facebook.com\/conassoficial\" \/>\n<meta property=\"article:published_time\" content=\"2014-04-10T12:12:18+00:00\" \/>\n<meta property=\"article:modified_time\" content=\"2014-04-28T17:26:21+00:00\" \/>\n<meta property=\"og:image\" content=\"https:\/\/www.conass.org.br\/conassdebate\/wp-content\/uploads\/2013\/09\/conass_fb_ig_avatar.jpg\" \/>\n\t<meta property=\"og:image:width\" content=\"612\" \/>\n\t<meta property=\"og:image:height\" content=\"612\" \/>\n\t<meta property=\"og:image:type\" content=\"image\/jpeg\" \/>\n<meta name=\"author\" content=\"Marcus Vinicius\" \/>\n<meta name=\"twitter:label1\" content=\"Escrito por\" \/>\n\t<meta name=\"twitter:data1\" content=\"Marcus Vinicius\" \/>\n\t<meta name=\"twitter:label2\" content=\"Est. tempo de leitura\" \/>\n\t<meta name=\"twitter:data2\" content=\"1 minuto\" \/>\n<script type=\"application\/ld+json\" class=\"yoast-schema-graph\">{\"@context\":\"https:\/\/schema.org\",\"@graph\":[{\"@type\":\"WebPage\",\"@id\":\"https:\/\/www.conass.org.br\/conassdebate\/?p=314\",\"url\":\"https:\/\/www.conass.org.br\/conassdebate\/?p=314\",\"name\":\"Aviso de Pauta: CONASS Debate \u2013 A crise contempor\u00e2nea dos modelos de aten\u00e7\u00e3o \u00e0 sa\u00fade - CONASS DEBATE\",\"isPartOf\":{\"@id\":\"https:\/\/www.conass.org.br\/conassdebate\/#website\"},\"datePublished\":\"2014-04-10T12:12:18+00:00\",\"dateModified\":\"2014-04-28T17:26:21+00:00\",\"author\":{\"@id\":\"https:\/\/www.conass.org.br\/conassdebate\/#\/schema\/person\/2c8472beead2dc5b9c7e1a8525b720b5\"},\"inLanguage\":\"pt-BR\",\"potentialAction\":[{\"@type\":\"ReadAction\",\"target\":[\"https:\/\/www.conass.org.br\/conassdebate\/?p=314\"]}]},{\"@type\":\"WebSite\",\"@id\":\"https:\/\/www.conass.org.br\/conassdebate\/#website\",\"url\":\"https:\/\/www.conass.org.br\/conassdebate\/\",\"name\":\"CONASS DEBATE\",\"description\":\"Conass - Conselho Nacional dos Secret\u00e1rios de Sa\u00fadeo\",\"potentialAction\":[{\"@type\":\"SearchAction\",\"target\":{\"@type\":\"EntryPoint\",\"urlTemplate\":\"https:\/\/www.conass.org.br\/conassdebate\/?s={search_term_string}\"},\"query-input\":{\"@type\":\"PropertyValueSpecification\",\"valueRequired\":true,\"valueName\":\"search_term_string\"}}],\"inLanguage\":\"pt-BR\"},{\"@type\":\"Person\",\"@id\":\"https:\/\/www.conass.org.br\/conassdebate\/#\/schema\/person\/2c8472beead2dc5b9c7e1a8525b720b5\",\"name\":\"Marcus Vinicius\",\"image\":{\"@type\":\"ImageObject\",\"inLanguage\":\"pt-BR\",\"@id\":\"https:\/\/www.conass.org.br\/conassdebate\/#\/schema\/person\/image\/\",\"url\":\"https:\/\/secure.gravatar.com\/avatar\/7a1f84f63a8013568d483934071a86b9?s=96&d=mm&r=g\",\"contentUrl\":\"https:\/\/secure.gravatar.com\/avatar\/7a1f84f63a8013568d483934071a86b9?s=96&d=mm&r=g\",\"caption\":\"Marcus Vinicius\"},\"url\":\"https:\/\/www.conass.org.br\/conassdebate\/?author=3\"}]}<\/script>\n<!-- \/ Yoast SEO plugin. -->","yoast_head_json":{"title":"Aviso de Pauta: CONASS Debate \u2013 A crise contempor\u00e2nea dos modelos de aten\u00e7\u00e3o \u00e0 sa\u00fade - CONASS DEBATE","robots":{"index":"index","follow":"follow","max-snippet":"max-snippet:-1","max-image-preview":"max-image-preview:large","max-video-preview":"max-video-preview:-1"},"canonical":"https:\/\/www.conass.org.br\/conassdebate\/?p=314","og_locale":"pt_BR","og_type":"article","og_title":"Aviso de Pauta: CONASS Debate \u2013 A crise contempor\u00e2nea dos modelos de aten\u00e7\u00e3o \u00e0 sa\u00fade - CONASS DEBATE","og_description":"ASSESSORIA DE COMUNICA\u00c7\u00c3O SOCIAL \u2013 AVISO DE PAUTA ESPECIALISTAS DEBATEM A CRISE DOS MODELOS DE ATEN\u00c7\u00c3SO \u00c0 SA\u00daDE NO BRASIL E NO MUNDO &nbsp; Bras\u00edlia \u2013 O Conselho Nacional de Secret\u00e1rios de Sa\u00fade (CONASS), realizar\u00e1 no dia 13 de maio, em Bras\u00edlia, o semin\u00e1rio \u2013 CONASS Debate: A crise contempor\u00e2nea dos modelos de aten\u00e7\u00e3o \u00e0 [&hellip;]","og_url":"https:\/\/www.conass.org.br\/conassdebate\/?p=314","og_site_name":"CONASS DEBATE","article_publisher":"https:\/\/www.facebook.com\/conassoficial","article_published_time":"2014-04-10T12:12:18+00:00","article_modified_time":"2014-04-28T17:26:21+00:00","og_image":[{"width":612,"height":612,"url":"https:\/\/www.conass.org.br\/conassdebate\/wp-content\/uploads\/2013\/09\/conass_fb_ig_avatar.jpg","type":"image\/jpeg"}],"author":"Marcus Vinicius","twitter_misc":{"Escrito por":"Marcus Vinicius","Est. tempo de leitura":"1 minuto"},"schema":{"@context":"https:\/\/schema.org","@graph":[{"@type":"WebPage","@id":"https:\/\/www.conass.org.br\/conassdebate\/?p=314","url":"https:\/\/www.conass.org.br\/conassdebate\/?p=314","name":"Aviso de Pauta: CONASS Debate \u2013 A crise contempor\u00e2nea dos modelos de aten\u00e7\u00e3o \u00e0 sa\u00fade - CONASS DEBATE","isPartOf":{"@id":"https:\/\/www.conass.org.br\/conassdebate\/#website"},"datePublished":"2014-04-10T12:12:18+00:00","dateModified":"2014-04-28T17:26:21+00:00","author":{"@id":"https:\/\/www.conass.org.br\/conassdebate\/#\/schema\/person\/2c8472beead2dc5b9c7e1a8525b720b5"},"inLanguage":"pt-BR","potentialAction":[{"@type":"ReadAction","target":["https:\/\/www.conass.org.br\/conassdebate\/?p=314"]}]},{"@type":"WebSite","@id":"https:\/\/www.conass.org.br\/conassdebate\/#website","url":"https:\/\/www.conass.org.br\/conassdebate\/","name":"CONASS DEBATE","description":"Conass - Conselho Nacional dos Secret\u00e1rios de Sa\u00fadeo","potentialAction":[{"@type":"SearchAction","target":{"@type":"EntryPoint","urlTemplate":"https:\/\/www.conass.org.br\/conassdebate\/?s={search_term_string}"},"query-input":{"@type":"PropertyValueSpecification","valueRequired":true,"valueName":"search_term_string"}}],"inLanguage":"pt-BR"},{"@type":"Person","@id":"https:\/\/www.conass.org.br\/conassdebate\/#\/schema\/person\/2c8472beead2dc5b9c7e1a8525b720b5","name":"Marcus Vinicius","image":{"@type":"ImageObject","inLanguage":"pt-BR","@id":"https:\/\/www.conass.org.br\/conassdebate\/#\/schema\/person\/image\/","url":"https:\/\/secure.gravatar.com\/avatar\/7a1f84f63a8013568d483934071a86b9?s=96&d=mm&r=g","contentUrl":"https:\/\/secure.gravatar.com\/avatar\/7a1f84f63a8013568d483934071a86b9?s=96&d=mm&r=g","caption":"Marcus Vinicius"},"url":"https:\/\/www.conass.org.br\/conassdebate\/?author=3"}]}},"_links":{"self":[{"href":"https:\/\/www.conass.org.br\/conassdebate\/index.php?rest_route=\/wp\/v2\/posts\/314"}],"collection":[{"href":"https:\/\/www.conass.org.br\/conassdebate\/index.php?rest_route=\/wp\/v2\/posts"}],"about":[{"href":"https:\/\/www.conass.org.br\/conassdebate\/index.php?rest_route=\/wp\/v2\/types\/post"}],"author":[{"embeddable":true,"href":"https:\/\/www.conass.org.br\/conassdebate\/index.php?rest_route=\/wp\/v2\/users\/3"}],"replies":[{"embeddable":true,"href":"https:\/\/www.conass.org.br\/conassdebate\/index.php?rest_route=%2Fwp%2Fv2%2Fcomments&post=314"}],"version-history":[{"count":6,"href":"https:\/\/www.conass.org.br\/conassdebate\/index.php?rest_route=\/wp\/v2\/posts\/314\/revisions"}],"predecessor-version":[{"id":332,"href":"https:\/\/www.conass.org.br\/conassdebate\/index.php?rest_route=\/wp\/v2\/posts\/314\/revisions\/332"}],"wp:attachment":[{"href":"https:\/\/www.conass.org.br\/conassdebate\/index.php?rest_route=%2Fwp%2Fv2%2Fmedia&parent=314"}],"wp:term":[{"taxonomy":"category","embeddable":true,"href":"https:\/\/www.conass.org.br\/conassdebate\/index.php?rest_route=%2Fwp%2Fv2%2Fcategories&post=314"},{"taxonomy":"post_tag","embeddable":true,"href":"https:\/\/www.conass.org.br\/conassdebate\/index.php?rest_route=%2Fwp%2Fv2%2Ftags&post=314"}],"curies":[{"name":"wp","href":"https:\/\/api.w.org\/{rel}","templated":true}]}}