{"id":388,"date":"2014-11-10T11:25:46","date_gmt":"2014-11-10T11:25:46","guid":{"rendered":"http:\/\/www.conass.org.br\/conassdebate\/?p=388"},"modified":"2014-11-18T09:00:08","modified_gmt":"2014-11-18T09:00:08","slug":"release-conass-debate-que-saude-voce-ve","status":"publish","type":"post","link":"https:\/\/www.conass.org.br\/conassdebate\/?p=388","title":{"rendered":"Release: CONASS Debate \u2013 Que sa\u00fade voc\u00ea v\u00ea?"},"content":{"rendered":"<p>A sa\u00fade tem sido apontada como prioridade e tamb\u00e9m como principal preocupa\u00e7\u00e3o dos brasileiros, segundo pesquisas realizadas em todo o pa\u00eds nos \u00faltimos anos e cujos resultados se repetem em pesquisas recentes.<\/p>\n<p>Considerando a import\u00e2ncia da comunica\u00e7\u00e3o tanto para a consolida\u00e7\u00e3o do Sistema \u00danico de Sa\u00fade (SUS) no Brasil, quanto para a compreens\u00e3o a respeito da sa\u00fade privada, o Conselho Nacional de Secret\u00e1rios de Sa\u00fade (Conass), em parceria com o Canal Sa\u00fade da Funda\u00e7\u00e3o Oswaldo Cruz, realizar\u00e1 no pr\u00f3ximo 28 de novembro o semin\u00e1rio CONASS Debate \u2013 Que sa\u00fade voc\u00ea v\u00ea? Com o formato de um programa televisivo, o debate permitir\u00e1 a intera\u00e7\u00e3o tanto da plateia quanto dos internautas que acompanhar\u00e3o o evento em tempo real.<\/p>\n<p>Entre os convidados est\u00e3o a rep\u00f3rter Cl\u00e1udia Colucci, da Folha de S\u00e3o Paulo; a pesquisadora da Fiocruz, Inesita Araujo; a produtora dos programas de sa\u00fade da Rede Globo, Fabiane Leite; e o pesquisador da Universidade de Bras\u00edlia (UnB), Murilo C\u00e9sar Ramos. Os debates ser\u00e3o mediados pelo apresentador do Canal Sa\u00fade, Renato Farias.<\/p>\n<p>O evento conta com a participa\u00e7\u00e3o de secret\u00e1rios estaduais de sa\u00fade e suas equipes de comunica\u00e7\u00e3o, comunicadores da sa\u00fade e profissionais da m\u00eddia. A expectative do Conass e do Canal Sa\u00fade \u00e9 refletir sobre as formas como a sa\u00fade (p\u00fablica ou privada) \u00e9 comunicada e, por conseguinte, compreendida pela sociedade brasileira. Estar\u00e1 em debate a imagem do SUS na m\u00eddia, a rela\u00e7\u00e3o entre os gestores de sa\u00fade e a imprensa, o cen\u00e1rio pol\u00edtico da comunica\u00e7\u00e3o no Brasil e seus impactos sobre a sa\u00fade brasileira.<\/p>\n<p>&nbsp;<\/p>\n<p><strong>A comunica\u00e7\u00e3o do SUS<\/strong><\/p>\n<p>&nbsp;<\/p>\n<p>A sa\u00fade \u00e9 tema prevalente em todas as m\u00eddias que divulgam desde as mazelas dos hospitais at\u00e9 dicas de preven\u00e7\u00e3o a doen\u00e7as. Por meio de jornais, revistas, r\u00e1dios, bem como na TV ou nos sites e redes sociais da internet, \u00e9 poss\u00edvel acompanhar a pol\u00edtica de sa\u00fade; conhecer servi\u00e7os e produtos que a ci\u00eancia e o mercado disponibilizam todo o tempo. Esse mosaico de informa\u00e7\u00f5es remete a distintas vis\u00f5es de sa\u00fade e, igualmente, a distintas vis\u00f5es sobre os melhores caminhos para efetiv\u00e1-la.<\/p>\n<p>Mas o texto publicado ou o spot veiculado representam apenas o in\u00edcio do processo. Importa saber a quais p\u00fablicos interessou, como estes p\u00fablicos compreenderam a mensagem e como a ela reagiram, e se reagiram. Cada leitor de jornal, cada espectador de TV, cada internauta d\u00e1 sentido ao que recebe pela m\u00eddia a partir de suas pr\u00f3prias experi\u00eancias e conhecimentos.<\/p>\n<p>Em rela\u00e7\u00e3o ao SUS muitas s\u00e3o as &#8220;comunica\u00e7\u00f5es&#8221;. M\u00eddia, governos e movimentos sociais discutem a sa\u00fade a partir de seus interesses, que variam da necessidade de &#8220;vender&#8221; a not\u00edcia, ao desejo de visibilidade, passando pela miss\u00e3o de informar a popula\u00e7\u00e3o. Em meio a esse emaranhado de discursos que informa\u00e7\u00e3o chega \u00e0 sociedade? A necessidade de resposta a esta pergunta torna a &#8220;Comunica\u00e7\u00e3o em Sa\u00fade&#8221; um tema fundamental.<\/p>\n<p>\u00c9 preciso reconhecer a comunica\u00e7\u00e3o como \u00e1rea estrat\u00e9gica da sa\u00fade e n\u00e3o como um setor que produz folderes ou marca entrevistas. N\u00e3o se trata apenas de \u201cpautar\u201d a imprensa ou \u201cter um furo de reportagem\u201d, mas de estabelecer uma rela\u00e7\u00e3o efetiva entre os profissionais que comunicam a sa\u00fade, independente do lado do balc\u00e3o em que estejam. No horizonte, a perspectiva de uma pol\u00edtica de comunica\u00e7\u00e3o que abranja toda a gest\u00e3o de sa\u00fade no pa\u00eds, refletida tamb\u00e9m na forma\u00e7\u00e3o dos comunicadores brasileiros.<\/p>\n<p>&nbsp;<\/p>\n<p><strong>\u00a0<\/strong><\/p>\n<p><strong>CONASS Debate: Que sa\u00fade voc\u00ea v\u00ea?<\/strong><\/p>\n<p><strong>Data:<\/strong> 28 de novembro de 2014<\/p>\n<p><strong>Hor\u00e1rio:<\/strong> das 8h30 \u00e0s 17h00<\/p>\n<p><strong>Local:<\/strong> Museu da Vida \u2013 Tenda da Fiocruz. Avenida Brasil, 4365 \u2013 Manguinhos, Rio de Janeiro\/RJ<\/p>\n<p><strong>Contatos:<\/strong><\/p>\n<p>Adriane Cruz, assessora de Comunica\u00e7\u00e3o do CONASS<\/p>\n<p>adriane@conass.org.br<\/p>\n<p>(61) 9609-8365 e (61) 3222-3000<\/p>\n<p>Marcia Correa e Castro, superintendente do Canal Sa\u00fade<\/p>\n<p>(21) 99988-8798 e (21) 3194-7753<\/p>\n","protected":false},"excerpt":{"rendered":"<p>A sa\u00fade tem sido apontada como prioridade e tamb\u00e9m como principal preocupa\u00e7\u00e3o dos brasileiros, segundo pesquisas realizadas em todo o pa\u00eds nos \u00faltimos anos e cujos resultados se repetem em pesquisas recentes. Considerando a import\u00e2ncia da comunica\u00e7\u00e3o tanto para a consolida\u00e7\u00e3o do Sistema \u00danico de Sa\u00fade (SUS) no Brasil, quanto para a compreens\u00e3o a respeito [&hellip;]<\/p>\n","protected":false},"author":3,"featured_media":0,"comment_status":"open","ping_status":"open","sticky":false,"template":"","format":"standard","meta":{"footnotes":""},"categories":[8],"tags":[],"class_list":["post-388","post","type-post","status-publish","format-standard","hentry","category-imprensa"],"yoast_head":"<!-- This site is optimized with the Yoast SEO plugin v23.6 - https:\/\/yoast.com\/wordpress\/plugins\/seo\/ -->\n<title>Release: CONASS Debate \u2013 Que sa\u00fade voc\u00ea v\u00ea?<\/title>\n<meta name=\"robots\" content=\"index, follow, max-snippet:-1, max-image-preview:large, max-video-preview:-1\" \/>\n<link rel=\"canonical\" href=\"https:\/\/www.conass.org.br\/conassdebate\/?p=388\" \/>\n<meta property=\"og:locale\" content=\"pt_BR\" \/>\n<meta property=\"og:type\" content=\"article\" \/>\n<meta property=\"og:title\" content=\"Release: CONASS Debate \u2013 Que sa\u00fade voc\u00ea v\u00ea?\" \/>\n<meta property=\"og:description\" content=\"A sa\u00fade tem sido apontada como prioridade e tamb\u00e9m como principal preocupa\u00e7\u00e3o dos brasileiros, segundo pesquisas realizadas em todo o pa\u00eds nos \u00faltimos anos e cujos resultados se repetem em pesquisas recentes. Considerando a import\u00e2ncia da comunica\u00e7\u00e3o tanto para a consolida\u00e7\u00e3o do Sistema \u00danico de Sa\u00fade (SUS) no Brasil, quanto para a compreens\u00e3o a respeito [&hellip;]\" \/>\n<meta property=\"og:url\" content=\"https:\/\/www.conass.org.br\/conassdebate\/?p=388\" \/>\n<meta property=\"og:site_name\" content=\"CONASS DEBATE\" \/>\n<meta property=\"article:publisher\" content=\"https:\/\/www.facebook.com\/conassoficial\" \/>\n<meta property=\"article:published_time\" content=\"2014-11-10T11:25:46+00:00\" \/>\n<meta property=\"article:modified_time\" content=\"2014-11-18T09:00:08+00:00\" \/>\n<meta property=\"og:image\" content=\"https:\/\/www.conass.org.br\/conassdebate\/wp-content\/uploads\/2013\/09\/conass_fb_ig_avatar.jpg\" \/>\n\t<meta property=\"og:image:width\" content=\"612\" \/>\n\t<meta property=\"og:image:height\" content=\"612\" \/>\n\t<meta property=\"og:image:type\" content=\"image\/jpeg\" \/>\n<meta name=\"author\" content=\"Marcus Vinicius\" \/>\n<meta name=\"twitter:label1\" content=\"Escrito por\" \/>\n\t<meta name=\"twitter:data1\" content=\"Marcus Vinicius\" \/>\n\t<meta name=\"twitter:label2\" content=\"Est. tempo de leitura\" \/>\n\t<meta name=\"twitter:data2\" content=\"3 minutos\" \/>\n<script type=\"application\/ld+json\" class=\"yoast-schema-graph\">{\"@context\":\"https:\/\/schema.org\",\"@graph\":[{\"@type\":\"WebPage\",\"@id\":\"https:\/\/www.conass.org.br\/conassdebate\/?p=388\",\"url\":\"https:\/\/www.conass.org.br\/conassdebate\/?p=388\",\"name\":\"Release: CONASS Debate \u2013 Que sa\u00fade voc\u00ea v\u00ea?\",\"isPartOf\":{\"@id\":\"https:\/\/www.conass.org.br\/conassdebate\/#website\"},\"datePublished\":\"2014-11-10T11:25:46+00:00\",\"dateModified\":\"2014-11-18T09:00:08+00:00\",\"author\":{\"@id\":\"https:\/\/www.conass.org.br\/conassdebate\/#\/schema\/person\/2c8472beead2dc5b9c7e1a8525b720b5\"},\"inLanguage\":\"pt-BR\",\"potentialAction\":[{\"@type\":\"ReadAction\",\"target\":[\"https:\/\/www.conass.org.br\/conassdebate\/?p=388\"]}]},{\"@type\":\"WebSite\",\"@id\":\"https:\/\/www.conass.org.br\/conassdebate\/#website\",\"url\":\"https:\/\/www.conass.org.br\/conassdebate\/\",\"name\":\"CONASS DEBATE\",\"description\":\"Conass - Conselho Nacional dos Secret\u00e1rios de Sa\u00fadeo\",\"potentialAction\":[{\"@type\":\"SearchAction\",\"target\":{\"@type\":\"EntryPoint\",\"urlTemplate\":\"https:\/\/www.conass.org.br\/conassdebate\/?s={search_term_string}\"},\"query-input\":{\"@type\":\"PropertyValueSpecification\",\"valueRequired\":true,\"valueName\":\"search_term_string\"}}],\"inLanguage\":\"pt-BR\"},{\"@type\":\"Person\",\"@id\":\"https:\/\/www.conass.org.br\/conassdebate\/#\/schema\/person\/2c8472beead2dc5b9c7e1a8525b720b5\",\"name\":\"Marcus Vinicius\",\"image\":{\"@type\":\"ImageObject\",\"inLanguage\":\"pt-BR\",\"@id\":\"https:\/\/www.conass.org.br\/conassdebate\/#\/schema\/person\/image\/\",\"url\":\"https:\/\/secure.gravatar.com\/avatar\/7a1f84f63a8013568d483934071a86b9?s=96&d=mm&r=g\",\"contentUrl\":\"https:\/\/secure.gravatar.com\/avatar\/7a1f84f63a8013568d483934071a86b9?s=96&d=mm&r=g\",\"caption\":\"Marcus Vinicius\"},\"url\":\"https:\/\/www.conass.org.br\/conassdebate\/?author=3\"}]}<\/script>\n<!-- \/ Yoast SEO plugin. -->","yoast_head_json":{"title":"Release: CONASS Debate \u2013 Que sa\u00fade voc\u00ea v\u00ea?","robots":{"index":"index","follow":"follow","max-snippet":"max-snippet:-1","max-image-preview":"max-image-preview:large","max-video-preview":"max-video-preview:-1"},"canonical":"https:\/\/www.conass.org.br\/conassdebate\/?p=388","og_locale":"pt_BR","og_type":"article","og_title":"Release: CONASS Debate \u2013 Que sa\u00fade voc\u00ea v\u00ea?","og_description":"A sa\u00fade tem sido apontada como prioridade e tamb\u00e9m como principal preocupa\u00e7\u00e3o dos brasileiros, segundo pesquisas realizadas em todo o pa\u00eds nos \u00faltimos anos e cujos resultados se repetem em pesquisas recentes. Considerando a import\u00e2ncia da comunica\u00e7\u00e3o tanto para a consolida\u00e7\u00e3o do Sistema \u00danico de Sa\u00fade (SUS) no Brasil, quanto para a compreens\u00e3o a respeito [&hellip;]","og_url":"https:\/\/www.conass.org.br\/conassdebate\/?p=388","og_site_name":"CONASS DEBATE","article_publisher":"https:\/\/www.facebook.com\/conassoficial","article_published_time":"2014-11-10T11:25:46+00:00","article_modified_time":"2014-11-18T09:00:08+00:00","og_image":[{"width":612,"height":612,"url":"https:\/\/www.conass.org.br\/conassdebate\/wp-content\/uploads\/2013\/09\/conass_fb_ig_avatar.jpg","type":"image\/jpeg"}],"author":"Marcus Vinicius","twitter_misc":{"Escrito por":"Marcus Vinicius","Est. tempo de leitura":"3 minutos"},"schema":{"@context":"https:\/\/schema.org","@graph":[{"@type":"WebPage","@id":"https:\/\/www.conass.org.br\/conassdebate\/?p=388","url":"https:\/\/www.conass.org.br\/conassdebate\/?p=388","name":"Release: CONASS Debate \u2013 Que sa\u00fade voc\u00ea v\u00ea?","isPartOf":{"@id":"https:\/\/www.conass.org.br\/conassdebate\/#website"},"datePublished":"2014-11-10T11:25:46+00:00","dateModified":"2014-11-18T09:00:08+00:00","author":{"@id":"https:\/\/www.conass.org.br\/conassdebate\/#\/schema\/person\/2c8472beead2dc5b9c7e1a8525b720b5"},"inLanguage":"pt-BR","potentialAction":[{"@type":"ReadAction","target":["https:\/\/www.conass.org.br\/conassdebate\/?p=388"]}]},{"@type":"WebSite","@id":"https:\/\/www.conass.org.br\/conassdebate\/#website","url":"https:\/\/www.conass.org.br\/conassdebate\/","name":"CONASS DEBATE","description":"Conass - Conselho Nacional dos Secret\u00e1rios de Sa\u00fadeo","potentialAction":[{"@type":"SearchAction","target":{"@type":"EntryPoint","urlTemplate":"https:\/\/www.conass.org.br\/conassdebate\/?s={search_term_string}"},"query-input":{"@type":"PropertyValueSpecification","valueRequired":true,"valueName":"search_term_string"}}],"inLanguage":"pt-BR"},{"@type":"Person","@id":"https:\/\/www.conass.org.br\/conassdebate\/#\/schema\/person\/2c8472beead2dc5b9c7e1a8525b720b5","name":"Marcus Vinicius","image":{"@type":"ImageObject","inLanguage":"pt-BR","@id":"https:\/\/www.conass.org.br\/conassdebate\/#\/schema\/person\/image\/","url":"https:\/\/secure.gravatar.com\/avatar\/7a1f84f63a8013568d483934071a86b9?s=96&d=mm&r=g","contentUrl":"https:\/\/secure.gravatar.com\/avatar\/7a1f84f63a8013568d483934071a86b9?s=96&d=mm&r=g","caption":"Marcus Vinicius"},"url":"https:\/\/www.conass.org.br\/conassdebate\/?author=3"}]}},"_links":{"self":[{"href":"https:\/\/www.conass.org.br\/conassdebate\/index.php?rest_route=\/wp\/v2\/posts\/388"}],"collection":[{"href":"https:\/\/www.conass.org.br\/conassdebate\/index.php?rest_route=\/wp\/v2\/posts"}],"about":[{"href":"https:\/\/www.conass.org.br\/conassdebate\/index.php?rest_route=\/wp\/v2\/types\/post"}],"author":[{"embeddable":true,"href":"https:\/\/www.conass.org.br\/conassdebate\/index.php?rest_route=\/wp\/v2\/users\/3"}],"replies":[{"embeddable":true,"href":"https:\/\/www.conass.org.br\/conassdebate\/index.php?rest_route=%2Fwp%2Fv2%2Fcomments&post=388"}],"version-history":[{"count":3,"href":"https:\/\/www.conass.org.br\/conassdebate\/index.php?rest_route=\/wp\/v2\/posts\/388\/revisions"}],"predecessor-version":[{"id":398,"href":"https:\/\/www.conass.org.br\/conassdebate\/index.php?rest_route=\/wp\/v2\/posts\/388\/revisions\/398"}],"wp:attachment":[{"href":"https:\/\/www.conass.org.br\/conassdebate\/index.php?rest_route=%2Fwp%2Fv2%2Fmedia&parent=388"}],"wp:term":[{"taxonomy":"category","embeddable":true,"href":"https:\/\/www.conass.org.br\/conassdebate\/index.php?rest_route=%2Fwp%2Fv2%2Fcategories&post=388"},{"taxonomy":"post_tag","embeddable":true,"href":"https:\/\/www.conass.org.br\/conassdebate\/index.php?rest_route=%2Fwp%2Fv2%2Ftags&post=388"}],"curies":[{"name":"wp","href":"https:\/\/api.w.org\/{rel}","templated":true}]}}