{"id":390,"date":"2014-11-10T11:27:34","date_gmt":"2014-11-10T11:27:34","guid":{"rendered":"http:\/\/www.conass.org.br\/conassdebate\/?p=390"},"modified":"2014-11-10T11:28:16","modified_gmt":"2014-11-10T11:28:16","slug":"programacao-conass-debate-que-saude-voce-ve","status":"publish","type":"post","link":"https:\/\/www.conass.org.br\/conassdebate\/?p=390","title":{"rendered":"Programa\u00e7\u00e3o: CONASS Debate \u2013 Que sa\u00fade voc\u00ea v\u00ea?"},"content":{"rendered":"<p><strong>Programa\u00e7\u00e3o<\/strong><\/p>\n<p><strong>8h00 \u2013 Credenciamento<\/strong><\/p>\n<p><strong>9h00 \u2013 Abertura<\/strong><br \/>\n&#8211; Arthur Chioro \u2013 ministro de Estado da Sa\u00fade<br \/>\n&#8211; Wilson Alecrim \u2013 presidente do CONASS<br \/>\n&#8211; Antonio Carlos Nardi \u2013 presidente do Conasems<br \/>\n&#8211; Maria do Socorro de Souza \u2013 presidente do Conselho Nacional de Sa\u00fade<br \/>\n&#8211; Joaqu\u00edn Molina \u2013 representante da Opas\/OMS no Brasil<br \/>\n&#8211; Paulo Gadelha \u2013 presidente da Fiocruz<br \/>\n&#8211; Arlindo Gomez \u2013 superintendente do Canal Sa\u00fade<\/p>\n<p><strong>10h00 \u2013 Unidiversidade<\/strong><br \/>\nPrograma que busca costurar um discurso plural sobre o tema com um formato \u00e1gil e diferente do que se costuma ver na televis\u00e3o. Os participantes da plateia e internautas ser\u00e3o os principais atores do programa, contribuindo com o debate e com a discuss\u00e3o a respeito da Comunica\u00e7\u00e3o em Sa\u00fade<\/p>\n<p><strong>12h00 \u2013 Almo\u00e7o<\/strong><\/p>\n<p><strong>13h30 \u2013 Sala de Convidados<\/strong><br \/>\n&#8211; Cl\u00e1udia Collucci \u2013 Folha de S\u00e3o Paulo<br \/>\n&#8211; Fabiane Leite \u2013 Jornalista e produtora de conte\u00fado sobre sa\u00fade<br \/>\n&#8211; Inesita Ara\u00fajo \u2013 ICICT\/ Fiocruz<br \/>\n&#8211; Murilo C\u00e9sar Ramos \u2013 Universidade de Bras\u00edlia (UnB)<\/p>\n<p><strong>15h30 \u2013 Sistematiza\u00e7\u00e3o das Discuss\u00f5es<\/strong><\/p>\n<p><strong>16h00 \u2013 Encerramento<\/p>\n<p><\/strong><\/p>\n<hr \/>\n<p>&nbsp;<\/p>\n<p><strong>CONASS Debate: Que sa\u00fade voc\u00ea v\u00ea?<\/strong><\/p>\n<p>Data: 28 de novembro de 2014<\/p>\n<p>Hor\u00e1rio: das 8h30 \u00e0s 17h00<\/p>\n<p>Local: Museu da Vida \u2013 Tenda da Fiocruz. Avenida Brasil, 4365 \u2013 Manguinhos, Rio de Janeiro\/RJ<\/p>\n<p>Contatos:<\/p>\n<p>Adriane Cruz, assessora de Comunica\u00e7\u00e3o do CONASS<\/p>\n<p>adriane@conass.org.br<\/p>\n<p>(61) 9609-8365 e (61) 3222-3000<\/p>\n<p>Marcia Correa e Castro, superintendente do Canal Sa\u00fade<\/p>\n<p>(21) 99988-8798 e (21) 3194-7753<\/p>\n<p><strong>\u00a0<\/strong><\/p>\n","protected":false},"excerpt":{"rendered":"<p>Programa\u00e7\u00e3o 8h00 \u2013 Credenciamento 9h00 \u2013 Abertura &#8211; Arthur Chioro \u2013 ministro de Estado da Sa\u00fade &#8211; Wilson Alecrim \u2013 presidente do CONASS &#8211; Antonio Carlos Nardi \u2013 presidente do Conasems &#8211; Maria do Socorro de Souza \u2013 presidente do Conselho Nacional de Sa\u00fade &#8211; Joaqu\u00edn Molina \u2013 representante da Opas\/OMS no Brasil &#8211; Paulo [&hellip;]<\/p>\n","protected":false},"author":3,"featured_media":0,"comment_status":"open","ping_status":"open","sticky":false,"template":"","format":"standard","meta":{"footnotes":""},"categories":[8],"tags":[],"class_list":["post-390","post","type-post","status-publish","format-standard","hentry","category-imprensa"],"yoast_head":"<!-- This site is optimized with the Yoast SEO plugin v23.6 - https:\/\/yoast.com\/wordpress\/plugins\/seo\/ -->\n<title>Programa\u00e7\u00e3o: CONASS Debate \u2013 Que sa\u00fade voc\u00ea v\u00ea? - CONASS DEBATE<\/title>\n<meta name=\"robots\" content=\"index, follow, max-snippet:-1, max-image-preview:large, max-video-preview:-1\" \/>\n<link rel=\"canonical\" href=\"https:\/\/www.conass.org.br\/conassdebate\/?p=390\" \/>\n<meta property=\"og:locale\" content=\"pt_BR\" \/>\n<meta property=\"og:type\" content=\"article\" \/>\n<meta property=\"og:title\" content=\"Programa\u00e7\u00e3o: CONASS Debate \u2013 Que sa\u00fade voc\u00ea v\u00ea? - CONASS DEBATE\" \/>\n<meta property=\"og:description\" content=\"Programa\u00e7\u00e3o 8h00 \u2013 Credenciamento 9h00 \u2013 Abertura &#8211; Arthur Chioro \u2013 ministro de Estado da Sa\u00fade &#8211; Wilson Alecrim \u2013 presidente do CONASS &#8211; Antonio Carlos Nardi \u2013 presidente do Conasems &#8211; Maria do Socorro de Souza \u2013 presidente do Conselho Nacional de Sa\u00fade &#8211; Joaqu\u00edn Molina \u2013 representante da Opas\/OMS no Brasil &#8211; Paulo [&hellip;]\" \/>\n<meta property=\"og:url\" content=\"https:\/\/www.conass.org.br\/conassdebate\/?p=390\" \/>\n<meta property=\"og:site_name\" content=\"CONASS DEBATE\" \/>\n<meta property=\"article:publisher\" content=\"https:\/\/www.facebook.com\/conassoficial\" \/>\n<meta property=\"article:published_time\" content=\"2014-11-10T11:27:34+00:00\" \/>\n<meta property=\"article:modified_time\" content=\"2014-11-10T11:28:16+00:00\" \/>\n<meta property=\"og:image\" content=\"https:\/\/www.conass.org.br\/conassdebate\/wp-content\/uploads\/2013\/09\/conass_fb_ig_avatar.jpg\" \/>\n\t<meta property=\"og:image:width\" content=\"612\" \/>\n\t<meta property=\"og:image:height\" content=\"612\" \/>\n\t<meta property=\"og:image:type\" content=\"image\/jpeg\" \/>\n<meta name=\"author\" content=\"Marcus Vinicius\" \/>\n<meta name=\"twitter:label1\" content=\"Escrito por\" \/>\n\t<meta name=\"twitter:data1\" content=\"Marcus Vinicius\" \/>\n\t<meta name=\"twitter:label2\" content=\"Est. tempo de leitura\" \/>\n\t<meta name=\"twitter:data2\" content=\"1 minuto\" \/>\n<script type=\"application\/ld+json\" class=\"yoast-schema-graph\">{\"@context\":\"https:\/\/schema.org\",\"@graph\":[{\"@type\":\"WebPage\",\"@id\":\"https:\/\/www.conass.org.br\/conassdebate\/?p=390\",\"url\":\"https:\/\/www.conass.org.br\/conassdebate\/?p=390\",\"name\":\"Programa\u00e7\u00e3o: CONASS Debate \u2013 Que sa\u00fade voc\u00ea v\u00ea? - CONASS DEBATE\",\"isPartOf\":{\"@id\":\"https:\/\/www.conass.org.br\/conassdebate\/#website\"},\"datePublished\":\"2014-11-10T11:27:34+00:00\",\"dateModified\":\"2014-11-10T11:28:16+00:00\",\"author\":{\"@id\":\"https:\/\/www.conass.org.br\/conassdebate\/#\/schema\/person\/2c8472beead2dc5b9c7e1a8525b720b5\"},\"inLanguage\":\"pt-BR\",\"potentialAction\":[{\"@type\":\"ReadAction\",\"target\":[\"https:\/\/www.conass.org.br\/conassdebate\/?p=390\"]}]},{\"@type\":\"WebSite\",\"@id\":\"https:\/\/www.conass.org.br\/conassdebate\/#website\",\"url\":\"https:\/\/www.conass.org.br\/conassdebate\/\",\"name\":\"CONASS DEBATE\",\"description\":\"Conass - Conselho Nacional dos Secret\u00e1rios de Sa\u00fadeo\",\"potentialAction\":[{\"@type\":\"SearchAction\",\"target\":{\"@type\":\"EntryPoint\",\"urlTemplate\":\"https:\/\/www.conass.org.br\/conassdebate\/?s={search_term_string}\"},\"query-input\":{\"@type\":\"PropertyValueSpecification\",\"valueRequired\":true,\"valueName\":\"search_term_string\"}}],\"inLanguage\":\"pt-BR\"},{\"@type\":\"Person\",\"@id\":\"https:\/\/www.conass.org.br\/conassdebate\/#\/schema\/person\/2c8472beead2dc5b9c7e1a8525b720b5\",\"name\":\"Marcus Vinicius\",\"image\":{\"@type\":\"ImageObject\",\"inLanguage\":\"pt-BR\",\"@id\":\"https:\/\/www.conass.org.br\/conassdebate\/#\/schema\/person\/image\/\",\"url\":\"https:\/\/secure.gravatar.com\/avatar\/7a1f84f63a8013568d483934071a86b9?s=96&d=mm&r=g\",\"contentUrl\":\"https:\/\/secure.gravatar.com\/avatar\/7a1f84f63a8013568d483934071a86b9?s=96&d=mm&r=g\",\"caption\":\"Marcus Vinicius\"},\"url\":\"https:\/\/www.conass.org.br\/conassdebate\/?author=3\"}]}<\/script>\n<!-- \/ Yoast SEO plugin. -->","yoast_head_json":{"title":"Programa\u00e7\u00e3o: CONASS Debate \u2013 Que sa\u00fade voc\u00ea v\u00ea? - CONASS DEBATE","robots":{"index":"index","follow":"follow","max-snippet":"max-snippet:-1","max-image-preview":"max-image-preview:large","max-video-preview":"max-video-preview:-1"},"canonical":"https:\/\/www.conass.org.br\/conassdebate\/?p=390","og_locale":"pt_BR","og_type":"article","og_title":"Programa\u00e7\u00e3o: CONASS Debate \u2013 Que sa\u00fade voc\u00ea v\u00ea? - CONASS DEBATE","og_description":"Programa\u00e7\u00e3o 8h00 \u2013 Credenciamento 9h00 \u2013 Abertura &#8211; Arthur Chioro \u2013 ministro de Estado da Sa\u00fade &#8211; Wilson Alecrim \u2013 presidente do CONASS &#8211; Antonio Carlos Nardi \u2013 presidente do Conasems &#8211; Maria do Socorro de Souza \u2013 presidente do Conselho Nacional de Sa\u00fade &#8211; Joaqu\u00edn Molina \u2013 representante da Opas\/OMS no Brasil &#8211; Paulo [&hellip;]","og_url":"https:\/\/www.conass.org.br\/conassdebate\/?p=390","og_site_name":"CONASS DEBATE","article_publisher":"https:\/\/www.facebook.com\/conassoficial","article_published_time":"2014-11-10T11:27:34+00:00","article_modified_time":"2014-11-10T11:28:16+00:00","og_image":[{"width":612,"height":612,"url":"https:\/\/www.conass.org.br\/conassdebate\/wp-content\/uploads\/2013\/09\/conass_fb_ig_avatar.jpg","type":"image\/jpeg"}],"author":"Marcus Vinicius","twitter_misc":{"Escrito por":"Marcus Vinicius","Est. tempo de leitura":"1 minuto"},"schema":{"@context":"https:\/\/schema.org","@graph":[{"@type":"WebPage","@id":"https:\/\/www.conass.org.br\/conassdebate\/?p=390","url":"https:\/\/www.conass.org.br\/conassdebate\/?p=390","name":"Programa\u00e7\u00e3o: CONASS Debate \u2013 Que sa\u00fade voc\u00ea v\u00ea? - CONASS DEBATE","isPartOf":{"@id":"https:\/\/www.conass.org.br\/conassdebate\/#website"},"datePublished":"2014-11-10T11:27:34+00:00","dateModified":"2014-11-10T11:28:16+00:00","author":{"@id":"https:\/\/www.conass.org.br\/conassdebate\/#\/schema\/person\/2c8472beead2dc5b9c7e1a8525b720b5"},"inLanguage":"pt-BR","potentialAction":[{"@type":"ReadAction","target":["https:\/\/www.conass.org.br\/conassdebate\/?p=390"]}]},{"@type":"WebSite","@id":"https:\/\/www.conass.org.br\/conassdebate\/#website","url":"https:\/\/www.conass.org.br\/conassdebate\/","name":"CONASS DEBATE","description":"Conass - Conselho Nacional dos Secret\u00e1rios de Sa\u00fadeo","potentialAction":[{"@type":"SearchAction","target":{"@type":"EntryPoint","urlTemplate":"https:\/\/www.conass.org.br\/conassdebate\/?s={search_term_string}"},"query-input":{"@type":"PropertyValueSpecification","valueRequired":true,"valueName":"search_term_string"}}],"inLanguage":"pt-BR"},{"@type":"Person","@id":"https:\/\/www.conass.org.br\/conassdebate\/#\/schema\/person\/2c8472beead2dc5b9c7e1a8525b720b5","name":"Marcus Vinicius","image":{"@type":"ImageObject","inLanguage":"pt-BR","@id":"https:\/\/www.conass.org.br\/conassdebate\/#\/schema\/person\/image\/","url":"https:\/\/secure.gravatar.com\/avatar\/7a1f84f63a8013568d483934071a86b9?s=96&d=mm&r=g","contentUrl":"https:\/\/secure.gravatar.com\/avatar\/7a1f84f63a8013568d483934071a86b9?s=96&d=mm&r=g","caption":"Marcus Vinicius"},"url":"https:\/\/www.conass.org.br\/conassdebate\/?author=3"}]}},"_links":{"self":[{"href":"https:\/\/www.conass.org.br\/conassdebate\/index.php?rest_route=\/wp\/v2\/posts\/390"}],"collection":[{"href":"https:\/\/www.conass.org.br\/conassdebate\/index.php?rest_route=\/wp\/v2\/posts"}],"about":[{"href":"https:\/\/www.conass.org.br\/conassdebate\/index.php?rest_route=\/wp\/v2\/types\/post"}],"author":[{"embeddable":true,"href":"https:\/\/www.conass.org.br\/conassdebate\/index.php?rest_route=\/wp\/v2\/users\/3"}],"replies":[{"embeddable":true,"href":"https:\/\/www.conass.org.br\/conassdebate\/index.php?rest_route=%2Fwp%2Fv2%2Fcomments&post=390"}],"version-history":[{"count":3,"href":"https:\/\/www.conass.org.br\/conassdebate\/index.php?rest_route=\/wp\/v2\/posts\/390\/revisions"}],"predecessor-version":[{"id":393,"href":"https:\/\/www.conass.org.br\/conassdebate\/index.php?rest_route=\/wp\/v2\/posts\/390\/revisions\/393"}],"wp:attachment":[{"href":"https:\/\/www.conass.org.br\/conassdebate\/index.php?rest_route=%2Fwp%2Fv2%2Fmedia&parent=390"}],"wp:term":[{"taxonomy":"category","embeddable":true,"href":"https:\/\/www.conass.org.br\/conassdebate\/index.php?rest_route=%2Fwp%2Fv2%2Fcategories&post=390"},{"taxonomy":"post_tag","embeddable":true,"href":"https:\/\/www.conass.org.br\/conassdebate\/index.php?rest_route=%2Fwp%2Fv2%2Ftags&post=390"}],"curies":[{"name":"wp","href":"https:\/\/api.w.org\/{rel}","templated":true}]}}