{"id":1903,"date":"2025-09-03T03:05:56","date_gmt":"2025-09-03T06:05:56","guid":{"rendered":"https:\/\/www.conass.org.br\/redecoesp\/aula-magna-da-residencia-em-gestao-em-saude-da-escola-de-saude-publica-do-rs-debate-financiamento-do-sus\/"},"modified":"2025-09-03T08:37:44","modified_gmt":"2025-09-03T11:37:44","slug":"aula-magna-da-residencia-em-gestao-em-saude-da-escola-de-saude-publica-do-rs-debate-financiamento-do-sus","status":"publish","type":"post","link":"https:\/\/www.conass.org.br\/redecoesp\/aula-magna-da-residencia-em-gestao-em-saude-da-escola-de-saude-publica-do-rs-debate-financiamento-do-sus\/","title":{"rendered":"Aula magna da resid\u00eancia em Gest\u00e3o em Sa\u00fade da Escola de Sa\u00fade P\u00fablica do RS debate financiamento do SUS"},"content":{"rendered":"<div>\n<p>A Escola de Sa\u00fade P\u00fablica do Rio Grande do Sul (ESP\/RS) deu in\u00edcio \u00e0s atividades da nova turma da resid\u00eancia de Gest\u00e3o em Sa\u00fade com uma aula magna, que teve como tema central o financiamento do Sistema \u00danico de Sa\u00fade (SUS).<\/p>\n<p>O evento reuniu estudantes, pesquisadores e gestores para discutir os desafios e perspectivas da gest\u00e3o p\u00fablica em sa\u00fade. A aula foi ministrada pelo assessor t\u00e9cnico do Conselho Nacional de Secret\u00e1rios de Sa\u00fade (Conass), Antonio Carlos Rosa Junior.<\/p>\n<p>A mesa de abertura contou com a presen\u00e7a da secret\u00e1ria da Sa\u00fade, Arita Bergmann, que ressaltou a relev\u00e2ncia da forma\u00e7\u00e3o de profissionais qualificados para atuarem na gest\u00e3o do SUS. \u201cPrecisamos formar talentos para ocupar cargos de forma eficiente e resolutiva\u201d, disse.<\/p>\n<figure class=\"artigo__ilustracao\"><a href=\"https:\/\/saude.rs.gov.br\/upload\/recortes\/202508\/05173655_347093_GDO.jpeg\" data-credito=\"Jos\u00e9 Lu\u00eds Zasso - SES\/RS\" data-urlamigavel=\"\/midia\/imagem\/whatsapp-image-2025-08-05-at-17-27-27\" data-legenda=\"Secretaria Arita participou da abertura da aula magna\" data-label-credito=\"Foto: \"><img decoding=\"async\" class=\"img-responsive\" src=\"https:\/\/saude.rs.gov.br\/upload\/recortes\/202508\/05173655_347093_GDO.jpeg\" alt=\"-\" \/><\/a><figcaption class=\"artigo__ilustracao__legenda\">Secretaria Arita participou da abertura da aula magna \u2013\u00a0<span class=\"artigo__ilustracao__credito\">Foto: Jos\u00e9 Lu\u00eds Zasso \u2013 SES\/RS<\/span><\/figcaption><\/figure>\n<p>Arita tamb\u00e9m destacou o papel do planejamento na administra\u00e7\u00e3o p\u00fablica: \u201cPlanejamento \u00e9 fundamental para fazer o melhor poss\u00edvel e entregar servi\u00e7os de qualidade ao cidad\u00e3o\u201d.<\/p>\n<p>A diretora da ESP\/RS, Teresinha Valduga, e o diretor do Departamento de Auditoria do SUS, Bruno Naundorf, tamb\u00e9m participaram da mesa de abertura.<\/p>\n<p><b>Forma\u00e7\u00e3o de gestores em sa\u00fade<\/b><\/p>\n<p>A resid\u00eancia de Gest\u00e3o em Sa\u00fade \u00e9 um programa de p\u00f3s-gradua\u00e7\u00e3o lato sensu que visa formar profissionais para atuarem diretamente na gest\u00e3o do SUS. Com uma proposta pedag\u00f3gica que integra teoria e pr\u00e1tica, o programa promove a articula\u00e7\u00e3o entre ensino e servi\u00e7o, preparando os residentes para enfrentarem os desafios reais da administra\u00e7\u00e3o p\u00fablica em sa\u00fade.<\/p>\n<p>Fonte: SES\/RS<\/p>\n<p>O post <a href=\"https:\/\/www.conass.org.br\/aula-magna-da-residencia-em-gestao-em-saude-da-escola-de-saude-publica-do-rs-debate-financiamento-do-sus\/\">Aula magna da resid\u00eancia em Gest\u00e3o em Sa\u00fade da Escola de Sa\u00fade P\u00fablica do RS debate financiamento do SUS<\/a> apareceu primeiro em <a href=\"https:\/\/www.conass.org.br\/\">Conselho Nacional de Secret\u00e1rios de Sa\u00fade | Conass<\/a>.<\/p>\n<\/div>\n","protected":false},"excerpt":{"rendered":"<p>A Escola de Sa\u00fade P\u00fablica do Rio Grande do Sul (ESP\/RS) deu in\u00edcio \u00e0s atividades da nova turma da resid\u00eancia de Gest\u00e3o em Sa\u00fade com uma aula magna, que teve como tema central o financiamento do Sistema \u00danico de Sa\u00fade (SUS). O evento reuniu estudantes, pesquisadores e gestores para discutir os desafios e perspectivas da [&hellip;]<\/p>\n","protected":false},"author":123456,"featured_media":1908,"comment_status":"closed","ping_status":"closed","sticky":false,"template":"","format":"standard","meta":{"footnotes":""},"categories":[1],"tags":[],"class_list":["post-1903","post","type-post","status-publish","format-standard","has-post-thumbnail","hentry","category-noticias"],"_links":{"self":[{"href":"https:\/\/www.conass.org.br\/redecoesp\/wp-json\/wp\/v2\/posts\/1903","targetHints":{"allow":["GET"]}}],"collection":[{"href":"https:\/\/www.conass.org.br\/redecoesp\/wp-json\/wp\/v2\/posts"}],"about":[{"href":"https:\/\/www.conass.org.br\/redecoesp\/wp-json\/wp\/v2\/types\/post"}],"author":[{"embeddable":true,"href":"https:\/\/www.conass.org.br\/redecoesp\/wp-json\/wp\/v2\/users\/123456"}],"replies":[{"embeddable":true,"href":"https:\/\/www.conass.org.br\/redecoesp\/wp-json\/wp\/v2\/comments?post=1903"}],"version-history":[{"count":2,"href":"https:\/\/www.conass.org.br\/redecoesp\/wp-json\/wp\/v2\/posts\/1903\/revisions"}],"predecessor-version":[{"id":1909,"href":"https:\/\/www.conass.org.br\/redecoesp\/wp-json\/wp\/v2\/posts\/1903\/revisions\/1909"}],"wp:featuredmedia":[{"embeddable":true,"href":"https:\/\/www.conass.org.br\/redecoesp\/wp-json\/wp\/v2\/media\/1908"}],"wp:attachment":[{"href":"https:\/\/www.conass.org.br\/redecoesp\/wp-json\/wp\/v2\/media?parent=1903"}],"wp:term":[{"taxonomy":"category","embeddable":true,"href":"https:\/\/www.conass.org.br\/redecoesp\/wp-json\/wp\/v2\/categories?post=1903"},{"taxonomy":"post_tag","embeddable":true,"href":"https:\/\/www.conass.org.br\/redecoesp\/wp-json\/wp\/v2\/tags?post=1903"}],"curies":[{"name":"wp","href":"https:\/\/api.w.org\/{rel}","templated":true}]}}