{"id":1926,"date":"2025-10-30T03:12:20","date_gmt":"2025-10-30T06:12:20","guid":{"rendered":"https:\/\/www.conass.org.br\/redecoesp\/para-fortalecer-o-sus-governo-do-acre-cria-escola-de-saude-publica\/"},"modified":"2025-10-30T03:12:20","modified_gmt":"2025-10-30T06:12:20","slug":"para-fortalecer-o-sus-governo-do-acre-cria-escola-de-saude-publica","status":"publish","type":"post","link":"https:\/\/www.conass.org.br\/redecoesp\/para-fortalecer-o-sus-governo-do-acre-cria-escola-de-saude-publica\/","title":{"rendered":"Para fortalecer o SUS, governo do Acre cria Escola de Sa\u00fade P\u00fablica"},"content":{"rendered":"<div>\n<div class=\"elementor-element elementor-element-316e1293 elementor-widget-laptop__width-initial elementor-widget-mobile__width-initial elementor-widget elementor-widget-theme-post-title elementor-page-title elementor-widget-heading\" data-id=\"316e1293\" data-element_type=\"widget\" data-settings='{\"_animation\":\"none\",\"ekit_we_effect_on\":\"none\"}' data-widget_type=\"theme-post-title.default\">\n<div class=\"elementor-widget-container\">\n<p class=\"elementor-heading-title elementor-size-default\"><span style=\"font-family: -apple-system, BlinkMacSystemFont, 'Segoe UI', Roboto, 'Helvetica Neue', Arial, 'Noto Sans', sans-serif, 'Apple Color Emoji', 'Segoe UI Emoji', 'Segoe UI Symbol', 'Noto Color Emoji'; font-size: 16px;\"><img fetchpriority=\"high\" fetchpriority=\"high\" decoding=\"async\" class=\"size-medium wp-image-52289 alignleft\" src=\"https:\/\/www.conass.org.br\/redecoesp\/wp-content\/uploads\/2025\/10\/WhatsApp-Image-2025-10-01-at-10.59.33-768x383-1-580x289-1.jpeg\" alt=\"\" width=\"580\" height=\"289\" srcset=\"https:\/\/www.conass.org.br\/redecoesp\/wp-content\/uploads\/2025\/10\/WhatsApp-Image-2025-10-01-at-10.59.33-768x383-1-580x289-1.jpeg 580w, https:\/\/www.conass.org.br\/wp-content\/uploads\/2025\/10\/WhatsApp-Image-2025-10-01-at-10.59.33-768x383-1.jpeg 768w\" sizes=\"(max-width: 580px) 100vw, 580px\">Em uma a\u00e7\u00e3o estrat\u00e9gica para o aprimoramento do Sistema \u00danico de Sa\u00fade (SUS) no estado, o governador Gladson Camel\u00ed assinou o <\/span><a style=\"font-family: -apple-system, BlinkMacSystemFont, 'Segoe UI', Roboto, 'Helvetica Neue', Arial, 'Noto Sans', sans-serif, 'Apple Color Emoji', 'Segoe UI Emoji', 'Segoe UI Symbol', 'Noto Color Emoji'; font-size: 16px;\" href=\"https:\/\/agencia.ac.gov.br\/wp-content\/uploads\/2025\/10\/DO17615681198223-3.pdf\">Decreto n\u00ba 11.779<\/a><span style=\"font-family: -apple-system, BlinkMacSystemFont, 'Segoe UI', Roboto, 'Helvetica Neue', Arial, 'Noto Sans', sans-serif, 'Apple Color Emoji', 'Segoe UI Emoji', 'Segoe UI Symbol', 'Noto Color Emoji'; font-size: 16px;\">, de 24 de outubro de 2025, que institui a Escola de Sa\u00fade P\u00fablica do Estado do Acre (ESP\/AC).<\/span><\/p>\n<\/div>\n<\/div>\n<div class=\"elementor-element elementor-element-0c7e54e elementor-widget elementor-widget-theme-post-content\" data-id=\"0c7e54e\" data-element_type=\"widget\" data-settings='{\"ekit_we_effect_on\":\"none\"}' data-widget_type=\"theme-post-content.default\">\n<div class=\"elementor-widget-container\">\n<p style=\"text-align: justify;\">\u201c\u00c9 com grande satisfa\u00e7\u00e3o e a certeza de estarmos dando um passo gigantesco na Sa\u00fade do nosso estado que anuncio a cria\u00e7\u00e3o da Escola de Sa\u00fade P\u00fablica do Acre. Essa escola representa o compromisso com a qualidade e a humaniza\u00e7\u00e3o do Sistema \u00danico de Sa\u00fade. O SUS \u00e9 a nossa maior pol\u00edtica de inclus\u00e3o social e, para que funcione com a excel\u00eancia que o nosso povo merece, precisamos investir no que temos de mais valioso, que \u00e9 o nosso capital humano\u201d, ressaltou o governador Gladson Camel\u00ed.<\/p>\n<p style=\"text-align: justify;\">A nova unidade administrativa ser\u00e1 vinculada diretamente \u00e0 Secretaria de Estado de Sa\u00fade (Sesacre), e ter\u00e1 a miss\u00e3o de ser o polo de excel\u00eancia em forma\u00e7\u00e3o, capacita\u00e7\u00e3o e qualifica\u00e7\u00e3o profissional para a \u00e1rea da sa\u00fade no Acre. A ESP ser\u00e1 implantada na Escola T\u00e9cnica Maria Moreira Rocha, em Rio Branco.<\/p>\n<p style=\"text-align: justify;\">Com a cria\u00e7\u00e3o da\u00a0 escola, o governo do Acre refor\u00e7a seu compromisso com a qualifica\u00e7\u00e3o dos servidores e a melhoria cont\u00ednua dos servi\u00e7os de sa\u00fade oferecidos \u00e0 popula\u00e7\u00e3o acreana.<\/p>\n<p style=\"text-align: justify;\">\u201cA qualifica\u00e7\u00e3o dos profissionais de sa\u00fade sempre foi uma prioridade do governo do Estado, que tem investido continuamente na forma\u00e7\u00e3o das equipes, por meio da Sesacre, e a cria\u00e7\u00e3o da Escola de Sa\u00fade P\u00fablica do Acre vem para consolidar esse compromisso, ampliando as oportunidades de capacita\u00e7\u00e3o e fortalecendo ainda mais o SUS em todo o estado. Tudo isso alinhado cada vez mais \u00e0s necessidades da popula\u00e7\u00e3o em todas as regionais\u201d, ressaltou o secret\u00e1rio de Sa\u00fade, Pedro Pascoal.<\/p>\n<p style=\"text-align: justify;\">A escola atuar\u00e1 no desenvolvimento de compet\u00eancias t\u00e9cnicas, cient\u00edficas e pedag\u00f3gicas, alcan\u00e7ando n\u00e3o apenas trabalhadores e estudantes da \u00e1rea, mas tamb\u00e9m egressos de cursos (incluindo os realizados no exterior) e outros agentes envolvidos em aten\u00e7\u00e3o, gest\u00e3o, ensino e pesquisa em sa\u00fade.<\/p>\n<p style=\"text-align: justify;\">\u201cEste projeto \u00e9 um investimento com retorno garantido, pois, com mais conhecimento e inova\u00e7\u00e3o, teremos mais sa\u00fade e qualidade de vida para todos os acreanos\u201d, frisou Camel\u00ed.<\/p>\n<p style=\"text-align: justify;\">Sobre o trabalho de articula\u00e7\u00e3o para o projeto, o secret\u00e1rio de Governo, Luiz Calixto afirma: \u201cEssa a\u00e7\u00e3o \u00e9 um exemplo claro de que o di\u00e1logo, a escuta ativa e o trabalho de aproxima\u00e7\u00e3o com a popula\u00e7\u00e3o traz resultados reais e a fun\u00e7\u00e3o da Secretaria de Governo \u00e9 justamente essa: articular, ouvir as demandas e construir solu\u00e7\u00f5es conjuntas pois temos um universo muito grande de m\u00e9dicos formados no exterior, que precisam passar pelo processo de revalida\u00e7\u00e3o de seus diplomas para poderem exercer a medicina no Brasil, e muitos encontram dificuldades para se preparar para as dif\u00edceis provas objetivas e pr\u00e1ticas do Revalida\u201d.<\/p>\n<p style=\"text-align: justify;\">Com rela\u00e7\u00e3o aos cursos intensivos e preparat\u00f3rios para os m\u00e9dicos formados no exterior, o titular da Segov, acrescenta: \u201c O governo est\u00e1 fazendo, de fato, uma verdadeira revolu\u00e7\u00e3o, pois a iniciativa representa uma mudan\u00e7a concreta na forma de encarar o problema. Ofertar cursos de prepara\u00e7\u00e3o para o Revalida \u00e9 sair do discurso e proporcionar essa possibilidade para tantos jovens que encaram a dif\u00edcil jornada de estudar fora de casa, longe de suas fam\u00edlias com o sonho de mudar de realidade. O governo est\u00e1, de fato, contribuindo para melhorar a vida financeira de milhares de fam\u00edlias acreanas\u201d, enfatizou.<\/p>\n<p style=\"text-align: justify;\">O decreto, publicado nesta segunda-feira, 27, autoriza a Sesacre a elaborar os documentos fundamentais para o funcionamento da nova institui\u00e7\u00e3o, incluindo o plano de desenvolvimento institucional, o projeto pol\u00edtico-pedag\u00f3gico e os regulamentos dos cursos e programas. A Secretaria tamb\u00e9m foi autorizada a editar normas complementares para o pleno cumprimento do decreto.<\/p>\n<\/div>\n<\/div>\n<p>O post <a href=\"https:\/\/www.conass.org.br\/para-fortalecer-o-sus-governo-do-acre-cria-escola-de-saude-publica\/\">Para fortalecer o SUS, governo do Acre cria Escola de Sa\u00fade P\u00fablica<\/a> apareceu primeiro em <a href=\"https:\/\/www.conass.org.br\/\">Conselho Nacional de Secret\u00e1rios de Sa\u00fade | Conass<\/a>.<\/div>\n","protected":false},"excerpt":{"rendered":"<p>Em uma a\u00e7\u00e3o estrat\u00e9gica para o aprimoramento do Sistema \u00danico de Sa\u00fade (SUS) no estado, o governador Gladson Camel\u00ed assinou o Decreto n\u00ba 11.779, de 24 de outubro de 2025, que institui a Escola de Sa\u00fade P\u00fablica do Estado do Acre (ESP\/AC). \u201c\u00c9 com grande satisfa\u00e7\u00e3o e a certeza de estarmos dando um passo gigantesco [&hellip;]<\/p>\n","protected":false},"author":123456,"featured_media":1927,"comment_status":"closed","ping_status":"closed","sticky":false,"template":"","format":"standard","meta":{"footnotes":""},"categories":[1],"tags":[],"class_list":["post-1926","post","type-post","status-publish","format-standard","has-post-thumbnail","hentry","category-noticias"],"_links":{"self":[{"href":"https:\/\/www.conass.org.br\/redecoesp\/wp-json\/wp\/v2\/posts\/1926","targetHints":{"allow":["GET"]}}],"collection":[{"href":"https:\/\/www.conass.org.br\/redecoesp\/wp-json\/wp\/v2\/posts"}],"about":[{"href":"https:\/\/www.conass.org.br\/redecoesp\/wp-json\/wp\/v2\/types\/post"}],"author":[{"embeddable":true,"href":"https:\/\/www.conass.org.br\/redecoesp\/wp-json\/wp\/v2\/users\/123456"}],"replies":[{"embeddable":true,"href":"https:\/\/www.conass.org.br\/redecoesp\/wp-json\/wp\/v2\/comments?post=1926"}],"version-history":[{"count":0,"href":"https:\/\/www.conass.org.br\/redecoesp\/wp-json\/wp\/v2\/posts\/1926\/revisions"}],"wp:featuredmedia":[{"embeddable":true,"href":"https:\/\/www.conass.org.br\/redecoesp\/wp-json\/wp\/v2\/media\/1927"}],"wp:attachment":[{"href":"https:\/\/www.conass.org.br\/redecoesp\/wp-json\/wp\/v2\/media?parent=1926"}],"wp:term":[{"taxonomy":"category","embeddable":true,"href":"https:\/\/www.conass.org.br\/redecoesp\/wp-json\/wp\/v2\/categories?post=1926"},{"taxonomy":"post_tag","embeddable":true,"href":"https:\/\/www.conass.org.br\/redecoesp\/wp-json\/wp\/v2\/tags?post=1926"}],"curies":[{"name":"wp","href":"https:\/\/api.w.org\/{rel}","templated":true}]}}