{"id":1968,"date":"2026-04-27T11:01:02","date_gmt":"2026-04-27T14:01:02","guid":{"rendered":"https:\/\/www.conass.org.br\/redecoesp\/?p=1968"},"modified":"2026-04-27T11:03:29","modified_gmt":"2026-04-27T14:03:29","slug":"esp-ce-unidade-movel-simulacao-realistica","status":"publish","type":"post","link":"https:\/\/www.conass.org.br\/redecoesp\/esp-ce-unidade-movel-simulacao-realistica\/","title":{"rendered":"ESP\/CE lan\u00e7a unidade m\u00f3vel de simula\u00e7\u00e3o real\u00edstica e amplia qualifica\u00e7\u00e3o em sa\u00fade nos munic\u00edpios cearenses"},"content":{"rendered":"<figure id=\"attachment_1969\" aria-describedby=\"caption-attachment-1969\" style=\"width: 2560px\" class=\"wp-caption aligncenter\"><img fetchpriority=\"high\" decoding=\"async\" class=\"wp-image-1969 size-full\" src=\"https:\/\/www.conass.org.br\/redecoesp\/wp-content\/uploads\/2026\/04\/Lancamento-unidade-movel-ESPCE-scaled-1.jpg\" alt=\"\" width=\"2560\" height=\"1376\" srcset=\"https:\/\/www.conass.org.br\/redecoesp\/wp-content\/uploads\/2026\/04\/Lancamento-unidade-movel-ESPCE-scaled-1.jpg 2560w, https:\/\/www.conass.org.br\/redecoesp\/wp-content\/uploads\/2026\/04\/Lancamento-unidade-movel-ESPCE-scaled-1-300x161.jpg 300w, https:\/\/www.conass.org.br\/redecoesp\/wp-content\/uploads\/2026\/04\/Lancamento-unidade-movel-ESPCE-scaled-1-1024x550.jpg 1024w, https:\/\/www.conass.org.br\/redecoesp\/wp-content\/uploads\/2026\/04\/Lancamento-unidade-movel-ESPCE-scaled-1-768x413.jpg 768w, https:\/\/www.conass.org.br\/redecoesp\/wp-content\/uploads\/2026\/04\/Lancamento-unidade-movel-ESPCE-scaled-1-1536x826.jpg 1536w, https:\/\/www.conass.org.br\/redecoesp\/wp-content\/uploads\/2026\/04\/Lancamento-unidade-movel-ESPCE-scaled-1-2048x1101.jpg 2048w\" sizes=\"(max-width: 2560px) 100vw, 2560px\" \/><figcaption id=\"caption-attachment-1969\" class=\"wp-caption-text\">Foto: Raiane Ferreira<\/figcaption><\/figure>\n<h4><em>Inaugura\u00e7\u00e3o do equipamento foi conduzida pela secret\u00e1ria estadual da Sa\u00fade T\u00e2nia Mara Coelho<\/em><\/h4>\n<p>&nbsp;<\/p>\n<p>A <strong>Escola de Sa\u00fade P\u00fablica do Cear\u00e1<\/strong> deu mais um passo estrat\u00e9gico na descentraliza\u00e7\u00e3o da educa\u00e7\u00e3o em sa\u00fade ao lan\u00e7ar uma unidade itinerante voltada \u00e0 qualifica\u00e7\u00e3o de profissionais do Sistema \u00danico de Sa\u00fade (SUS). A iniciativa foi apresentada durante o 23\u00ba Congresso do Conselho das Secretarias Municipais de Sa\u00fade do Cear\u00e1 (Cosems-CE), realizado em Fortaleza,\u00a0 de 18 a 21 de abril de 2026.<\/p>\n<p>O equipamento, estruturado em formato de trailer, foi desenvolvido para levar capacita\u00e7\u00f5es de forma \u00e1gil, pr\u00e1tica e inovadora aos diversos territ\u00f3rios do estado, com foco em metodologias de Simula\u00e7\u00e3o Real\u00edstica. A proposta fortalece a forma\u00e7\u00e3o em servi\u00e7o e aproxima a qualifica\u00e7\u00e3o profissional das realidades locais, especialmente nos munic\u00edpios mais distantes da capital.<\/p>\n<p>A cerim\u00f4nia de inaugura\u00e7\u00e3o contou com a presen\u00e7a da secret\u00e1ria da Sa\u00fade do Estado, T\u00e2nia Mara Coelho, do presidente do Cosems-CE, Rilson Andrade, e do superintendente da ESP\/CE, Luciano Pamplona.<\/p>\n<p>A unidade m\u00f3vel permitir\u00e1 atender de forma mais eficaz \u00e0s demandas de qualifica\u00e7\u00e3o dos munic\u00edpios, ampliando o acesso \u00e0 educa\u00e7\u00e3o permanente e fortalecendo o cuidado em sa\u00fade nos territ\u00f3rios.<\/p>\n<p>Entre as tem\u00e1ticas ofertadas est\u00e3o Manejo de Emerg\u00eancias Ginecol\u00f3gicas e Obst\u00e9tricas, Suporte B\u00e1sico de Vida (SBV), Consulta de Pr\u00e9-Natal e Imuniza\u00e7\u00e3o, al\u00e9m de outros conte\u00fados definidos conforme as necessidades espec\u00edficas de cada munic\u00edpio solicitante.<\/p>\n<p>A respons\u00e1vel t\u00e9cnica do Centro de Simula\u00e7\u00e3o em Sa\u00fade da ESP\/CE, Cleoneide Oliveira, destacou que o projeto surgiu da necessidade de superar barreiras de deslocamento enfrentadas por muitos profissionais, garantindo treinamentos com a mesma qualidade dos realizados na sede institucional.<\/p>\n<p>At\u00e9 o momento, munic\u00edpios como Canind\u00e9, Quixad\u00e1, Aquiraz, Eus\u00e9bio, Maranguape, Cascavel e Beberibe j\u00e1 solicitaram agendas de capacita\u00e7\u00e3o.<\/p>\n<p>A expectativa \u00e9 capacitar cerca de 450 profissionais por m\u00eas, alcan\u00e7ando at\u00e9 3.600 trabalhadores da sa\u00fade por ano. A a\u00e7\u00e3o projeta a ESP\/CE como refer\u00eancia nacional em inova\u00e7\u00e3o educacional no SUS, ao articular mobilidade, tecnologia e aprendizagem pr\u00e1tica em instrumento de fortalecimento do cuidado \u00e0 sa\u00fade no SUS.<\/p>\n<p>Veja not\u00edcia: <a href=\"https:\/\/www.esp.ce.gov.br\/2026\/04\/20\/espce-unidade-itinerante-qualificar-profissionais-saude-estado\/\">https:\/\/www.esp.ce.gov.br\/2026\/04\/20\/espce-unidade-itinerante-qualificar-profissionais-saude-estado\/<\/a><\/p>\n","protected":false},"excerpt":{"rendered":"<p>Inaugura\u00e7\u00e3o do equipamento foi conduzida pela secret\u00e1ria estadual da Sa\u00fade T\u00e2nia Mara Coelho &nbsp; A Escola de Sa\u00fade P\u00fablica do Cear\u00e1 deu mais um passo estrat\u00e9gico na descentraliza\u00e7\u00e3o da educa\u00e7\u00e3o em sa\u00fade ao lan\u00e7ar uma unidade itinerante voltada \u00e0 qualifica\u00e7\u00e3o de profissionais do Sistema \u00danico de Sa\u00fade (SUS). A iniciativa foi apresentada durante o 23\u00ba [&hellip;]<\/p>\n","protected":false},"author":123457,"featured_media":1969,"comment_status":"closed","ping_status":"closed","sticky":false,"template":"","format":"standard","meta":{"footnotes":""},"categories":[1],"tags":[],"class_list":["post-1968","post","type-post","status-publish","format-standard","has-post-thumbnail","hentry","category-noticias"],"_links":{"self":[{"href":"https:\/\/www.conass.org.br\/redecoesp\/wp-json\/wp\/v2\/posts\/1968","targetHints":{"allow":["GET"]}}],"collection":[{"href":"https:\/\/www.conass.org.br\/redecoesp\/wp-json\/wp\/v2\/posts"}],"about":[{"href":"https:\/\/www.conass.org.br\/redecoesp\/wp-json\/wp\/v2\/types\/post"}],"author":[{"embeddable":true,"href":"https:\/\/www.conass.org.br\/redecoesp\/wp-json\/wp\/v2\/users\/123457"}],"replies":[{"embeddable":true,"href":"https:\/\/www.conass.org.br\/redecoesp\/wp-json\/wp\/v2\/comments?post=1968"}],"version-history":[{"count":3,"href":"https:\/\/www.conass.org.br\/redecoesp\/wp-json\/wp\/v2\/posts\/1968\/revisions"}],"predecessor-version":[{"id":1972,"href":"https:\/\/www.conass.org.br\/redecoesp\/wp-json\/wp\/v2\/posts\/1968\/revisions\/1972"}],"wp:featuredmedia":[{"embeddable":true,"href":"https:\/\/www.conass.org.br\/redecoesp\/wp-json\/wp\/v2\/media\/1969"}],"wp:attachment":[{"href":"https:\/\/www.conass.org.br\/redecoesp\/wp-json\/wp\/v2\/media?parent=1968"}],"wp:term":[{"taxonomy":"category","embeddable":true,"href":"https:\/\/www.conass.org.br\/redecoesp\/wp-json\/wp\/v2\/categories?post=1968"},{"taxonomy":"post_tag","embeddable":true,"href":"https:\/\/www.conass.org.br\/redecoesp\/wp-json\/wp\/v2\/tags?post=1968"}],"curies":[{"name":"wp","href":"https:\/\/api.w.org\/{rel}","templated":true}]}}